[{"command":"showMoreTeasers","id":"del--paragraph-649123","content":"\u003Ca href=\u0022\/bad\/was-bei-auf-mass-gefertigten-badmoebeln-zu-beachten-ist\u0022  class=\u0022teaser teaser--standard\u0022 aria-label=\u0022Was bei auf Ma\u00df gefertigten Badm\u00f6beln zu beachten ist\u0022\u003E\n      \u003Cdiv class=\u0022teaser-content--image\u0022\u003E\n        \u003Cfigure class=\u0022image--figure\u0022\u003E\n        \u003Cpicture\u003E\n                        \u003Csource srcset=\u0022\/sites\/default\/files\/styles\/teaser_standard__m\/public\/aurora\/2026\/04\/531075.jpeg.webp?itok=-xFP-05Z 1x\u0022 media=\u0022(min-width: 48.0625em) and (max-width: 64em)\u0022 type=\u0022image\/webp\u0022 width=\u0022323\u0022 height=\u0022200\u0022\/\u003E\n                  \u003Csource srcset=\u0022\/sites\/default\/files\/styles\/teaser_standard__l\/public\/aurora\/2026\/04\/531075.jpeg.webp?itok=Qus2hRbm 1x\u0022 media=\u0022(min-width: 64.0625em)\u0022 type=\u0022image\/webp\u0022 width=\u0022203\u0022 height=\u0022126\u0022\/\u003E\n                  \u003Csource srcset=\u0022\/sites\/default\/files\/styles\/teaser_standard__m\/public\/aurora\/2026\/04\/531075.jpeg?itok=dYKb6_6y 1x\u0022 media=\u0022(min-width: 48.0625em) and (max-width: 64em)\u0022 type=\u0022image\/jpeg\u0022 width=\u0022323\u0022 height=\u0022200\u0022\/\u003E\n                  \u003Csource srcset=\u0022\/sites\/default\/files\/styles\/teaser_standard__l\/public\/aurora\/2026\/04\/531075.jpeg?itok=PO0l7_CA 1x\u0022 media=\u0022(min-width: 64.0625em)\u0022 type=\u0022image\/jpeg\u0022 width=\u0022203\u0022 height=\u0022126\u0022\/\u003E\n                          \u003Cimg loading=\u0022eager\u0022 data-caption-hide width=\u0022642\u0022 height=\u0022398\u0022 alt=\u0022Vorher und nachher: Das \u00adlinke Bild zeigt die Ausgangs\u00adsituation mit Badewanne, rechts die neue Planung\u00a0(allerdings noch ohne M\u00f6bel).\u0022 data-zoomed=\u0022https:\/\/www.sbz-online.de\/sites\/default\/files\/styles\/content__zoomed\/public\/aurora\/2026\/04\/531075.jpeg?itok=eIVwng_I\u0022 src=\u0022\/sites\/default\/files\/styles\/teaser_standard__s\/public\/aurora\/2026\/04\/531075.jpeg?itok=djQbBnlg\u0022 title=\u0022\u00a9 Bilder: Stark-Nienhaus\u0022 \/\u003E\n\n    \u003C\/picture\u003E\n      \u003Cfigcaption class=\u0022image--figcaption\u0022\u003E\n          \u003Cdiv class=\u0022copyright\u0022\u003EBilder: Stark-Nienhaus\u003C\/div\u003E\n          \u003C\/figcaption\u003E\n\u003C\/figure\u003E\n\n\n    \u003C\/div\u003E\n    \u003Cdiv class=\u0022teaser-content\u0022\u003E\n                    \u003Cdiv class=\u0022teaser-content--kicker\u0022\u003E\n                    \n        \u003C\/div\u003E\n                                              \n                        \n        \u003Ch4 class=\u0022teaser-content--headline\u0022\u003E\n                                Was bei auf Ma\u00df gefertigten Badm\u00f6beln zu beachten \n                              \u003Cspan class=\u0022headline-last-word-arrow\u0022\u003Eist              \u003Cspan\n                  class=\u0022permission-lock permission-lock-icon--lock\u0022\u003E\u003C\/span\u003E\n                                  \u003C\/span\u003E\n        \u003C\/h4\u003E\n            \u003Cdiv class=\u0022teaser-content--publishing-date\u0022\u003E\u003Ctime datetime=\u00222026-04-28T14:00:14Z\u0022\u003E28.04.2026\u003C\/time\u003E\n\u003C\/div\u003E\u003Cspan class=\u0022teaser-content--publishing-date-divider\u0022\u003E - \u003C\/span\u003E\u003Cdiv class=\u0022teaser-content--body\u0022\u003E\u003Cp\u003EIn jedes Bad geh\u00f6rt Stauraum, um diverse Utensilien unterbringen zu k\u00f6nnen. Das ist das Geheimnis eines immer aufger\u00e4umten Badezimmers. Aus Platzgr\u00fcnden werden meist Spiegelschrank und Waschtischunterschrank kombiniert. Es gibt aber weitere M\u00f6glichkeiten, Schr\u00e4nke zu verbauen und damit sogar optischen Mehrwert zu erhalten. Wie dabei echte Handwerkskunst helfen kann, beschreibt Andrea Stark-Nienhaus.\u003C\/p\u003E\n\u003C\/div\u003E\n                        \u003Cspan class=\u0022read-more-arrow-container\u0022\u003E\n            \u003Cspan class=\u0022read-more-angled-arrow\u0022\u003E \u003C\/span\u003E\n          \u003C\/span\u003E\n                  \u003C\/div\u003E\n    \u003C\/a\u003E\n\u003Ca href=\u0022\/bad\/so-wird-eine-wannentuer-nachgeruestet\u0022  class=\u0022teaser teaser--standard\u0022 aria-label=\u0022So wird eine Wannent\u00fcr nachger\u00fcstet\u0022\u003E\n      \u003Cdiv class=\u0022teaser-content--image\u0022\u003E\n        \u003Cfigure class=\u0022image--figure\u0022\u003E\n        \u003Cpicture\u003E\n                        \u003Csource srcset=\u0022\/sites\/default\/files\/styles\/teaser_standard__m\/public\/aurora\/2026\/04\/531089.jpeg.webp?itok=NMgDbe36 1x\u0022 media=\u0022(min-width: 48.0625em) and (max-width: 64em)\u0022 type=\u0022image\/webp\u0022 width=\u0022208\u0022 height=\u0022242\u0022\/\u003E\n                  \u003Csource srcset=\u0022\/sites\/default\/files\/styles\/teaser_standard__l\/public\/aurora\/2026\/04\/531089.jpeg.webp?itok=DmyacTXO 1x\u0022 media=\u0022(min-width: 64.0625em)\u0022 type=\u0022image\/webp\u0022 width=\u0022130\u0022 height=\u0022152\u0022\/\u003E\n                  \u003Csource srcset=\u0022\/sites\/default\/files\/styles\/teaser_standard__m\/public\/aurora\/2026\/04\/531089.jpeg?itok=uDBT3Rwf 1x\u0022 media=\u0022(min-width: 48.0625em) and (max-width: 64em)\u0022 type=\u0022image\/jpeg\u0022 width=\u0022208\u0022 height=\u0022242\u0022\/\u003E\n                  \u003Csource srcset=\u0022\/sites\/default\/files\/styles\/teaser_standard__l\/public\/aurora\/2026\/04\/531089.jpeg?itok=kgo3YY-e 1x\u0022 media=\u0022(min-width: 64.0625em)\u0022 type=\u0022image\/jpeg\u0022 width=\u0022130\u0022 height=\u0022152\u0022\/\u003E\n                          \u003Cimg alt=\u0022Beim Konzept \u201eproBad Wannent\u00fcr\u201c von Interdomus Haustechnik kommt ein standardisierter Einbauprozess bei der Nachr\u00fcstung zum Einsatz.\u0022 loading=\u0022eager\u0022 data-caption-hide width=\u0022342\u0022 height=\u0022398\u0022 data-zoomed=\u0022https:\/\/www.sbz-online.de\/sites\/default\/files\/styles\/content__zoomed\/public\/aurora\/2026\/04\/531089.jpeg?itok=5olABu5A\u0022 src=\u0022\/sites\/default\/files\/styles\/teaser_standard__s\/public\/aurora\/2026\/04\/531089.jpeg?itok=Et7eonQO\u0022 title=\u0022\u00a9 Bild: interdomus\u0022 \/\u003E\n\n    \u003C\/picture\u003E\n      \u003Cfigcaption class=\u0022image--figcaption\u0022\u003E\n          \u003Cdiv class=\u0022copyright\u0022\u003EBild: interdomus\u003C\/div\u003E\n          \u003C\/figcaption\u003E\n\u003C\/figure\u003E\n\n\n    \u003C\/div\u003E\n    \u003Cdiv class=\u0022teaser-content\u0022\u003E\n                    \u003Cdiv class=\u0022teaser-content--kicker\u0022\u003E\n                    \n        \u003C\/div\u003E\n                                              \n                        \n        \u003Ch4 class=\u0022teaser-content--headline\u0022\u003E\n                                So wird eine Wannent\u00fcr \n                              \u003Cspan class=\u0022headline-last-word-arrow\u0022\u003Enachger\u00fcstet                      \u003C\/span\u003E\n        \u003C\/h4\u003E\n            \u003Cdiv class=\u0022teaser-content--publishing-date\u0022\u003E\u003Ctime datetime=\u00222026-04-28T14:00:10Z\u0022\u003E28.04.2026\u003C\/time\u003E\n\u003C\/div\u003E\u003Cspan class=\u0022teaser-content--publishing-date-divider\u0022\u003E - \u003C\/span\u003E\u003Cdiv class=\u0022teaser-content--body\u0022\u003E\u003Cp\u003EDie Nachr\u00fcstung von Badewannent\u00fcren stellt eine wirtschaftlich und technisch vergleichsweise einfache M\u00f6glichkeit dar, bestehende B\u00e4der an ver\u00e4nderte Nutzungsanforderungen anzupassen. F\u00fcr SHK-Betriebe er\u00f6ffnet das Konzept ein zus\u00e4tzliches Gesch\u00e4ftsfeld im Bereich der Teilsanierung und der altersgerechten Badmodernisierung.\u003C\/p\u003E\n\u003C\/div\u003E\n                        \u003Cspan class=\u0022read-more-arrow-container\u0022\u003E\n            \u003Cspan class=\u0022read-more-angled-arrow\u0022\u003E \u003C\/span\u003E\n          \u003C\/span\u003E\n                  \u003C\/div\u003E\n    \u003C\/a\u003E\n\u003Ca href=\u0022\/meldungen\/arbeitshilfe-neue-duschbroschuere-von-bette\u0022  class=\u0022teaser teaser--standard\u0022 aria-label=\u0022Neue Dusch\u00adbro\u00adsch\u00fc\u00adre von Bette\u0022\u003E\n      \u003Cdiv class=\u0022teaser-content--image\u0022\u003E\n        \u003Cfigure class=\u0022image--figure\u0022\u003E\n        \u003Cpicture\u003E\n                        \u003Csource srcset=\u0022\/sites\/default\/files\/styles\/teaser_standard__m\/public\/aurora\/2026\/03\/525648.jpeg.webp?itok=8gYZNqmw 1x\u0022 media=\u0022(min-width: 48.0625em) and (max-width: 64em)\u0022 type=\u0022image\/webp\u0022 width=\u0022323\u0022 height=\u0022215\u0022\/\u003E\n                  \u003Csource srcset=\u0022\/sites\/default\/files\/styles\/teaser_standard__l\/public\/aurora\/2026\/03\/525648.jpeg.webp?itok=xUjEbWAI 1x\u0022 media=\u0022(min-width: 64.0625em)\u0022 type=\u0022image\/webp\u0022 width=\u0022203\u0022 height=\u0022135\u0022\/\u003E\n                  \u003Csource srcset=\u0022\/sites\/default\/files\/styles\/teaser_standard__m\/public\/aurora\/2026\/03\/525648.jpeg?itok=9MOzUckY 1x\u0022 media=\u0022(min-width: 48.0625em) and (max-width: 64em)\u0022 type=\u0022image\/jpeg\u0022 width=\u0022323\u0022 height=\u0022215\u0022\/\u003E\n                  \u003Csource srcset=\u0022\/sites\/default\/files\/styles\/teaser_standard__l\/public\/aurora\/2026\/03\/525648.jpeg?itok=elQFm9KN 1x\u0022 media=\u0022(min-width: 64.0625em)\u0022 type=\u0022image\/jpeg\u0022 width=\u0022203\u0022 height=\u0022135\u0022\/\u003E\n                          \u003Cimg loading=\u0022eager\u0022 data-caption-hide width=\u0022597\u0022 height=\u0022398\u0022 data-zoomed=\u0022https:\/\/www.sbz-online.de\/sites\/default\/files\/styles\/content__zoomed\/public\/aurora\/2026\/03\/525648.jpeg?itok=gIUMCGL9\u0022 src=\u0022\/sites\/default\/files\/styles\/teaser_standard__s\/public\/aurora\/2026\/03\/525648.jpeg?itok=oHn9Nefx\u0022 title=\u0022Ein Mann in Jeans und blauem Hemd sitzt auf einer Bank, in der Hand eine Produktbox, hinter der sich gro\u00dfe Tafeln befinden. - \u00a9 Bette\u0022 \/\u003E\n\n    \u003C\/picture\u003E\n      \u003Cfigcaption class=\u0022image--figcaption\u0022\u003E\n          \u003Cdiv class=\u0022copyright\u0022\u003EBette\u003C\/div\u003E\n          \u003C\/figcaption\u003E\n\u003C\/figure\u003E\n\n\n    \u003C\/div\u003E\n    \u003Cdiv class=\u0022teaser-content\u0022\u003E\n                    \u003Cdiv class=\u0022teaser-content--kicker\u0022\u003E\n                    Arbeitshilfe\n        \u003C\/div\u003E\n                                              \n                        \n        \u003Ch4 class=\u0022teaser-content--headline\u0022\u003E\n                                Neue Dusch\u00adbro\u00adsch\u00fc\u00adre von \n                              \u003Cspan class=\u0022headline-last-word-arrow\u0022\u003EBette                      \u003C\/span\u003E\n        \u003C\/h4\u003E\n            \u003Cdiv class=\u0022teaser-content--publishing-date\u0022\u003E\u003Ctime datetime=\u00222026-04-13T03:00:06Z\u0022\u003E13.04.2026\u003C\/time\u003E\n\u003C\/div\u003E\u003Cspan class=\u0022teaser-content--publishing-date-divider\u0022\u003E - \u003C\/span\u003E\u003Cdiv class=\u0022teaser-content--body\u0022\u003E\u003Cp\u003EBette stellt eine neue Duschbrosch\u00fcre vor. Sie bietet Orientierung bei der Produktauswahl und dem Einbau von Duschfl\u00e4chen.\u003C\/p\u003E\n\u003C\/div\u003E\n                        \u003Cspan class=\u0022read-more-arrow-container\u0022\u003E\n            \u003Cspan class=\u0022read-more-angled-arrow\u0022\u003E \u003C\/span\u003E\n          \u003C\/span\u003E\n                  \u003C\/div\u003E\n    \u003C\/a\u003E\n\u003Ca href=\u0022\/bad\/so-wird-ein-dachschraegenbad-auf-nur-4-m2-beispielhaft-modernisiert\u0022  class=\u0022teaser teaser--standard\u0022 aria-label=\u0022\ufeffSo wir\ufeffd ein Dach\u00adschr\u00e4genbad auf nur 4\u00a0m\u00b2 beispielhaft modernisiert\u0022\u003E\n      \u003Cdiv class=\u0022teaser-content--image\u0022\u003E\n        \u003Cfigure class=\u0022image--figure\u0022\u003E\n        \u003Cpicture\u003E\n                        \u003Csource srcset=\u0022\/sites\/default\/files\/styles\/teaser_standard__m\/public\/aurora\/2026\/03\/523086.jpeg.webp?itok=0hq5up4L 1x\u0022 media=\u0022(min-width: 48.0625em) and (max-width: 64em)\u0022 type=\u0022image\/webp\u0022 width=\u0022323\u0022 height=\u0022221\u0022\/\u003E\n                  \u003Csource srcset=\u0022\/sites\/default\/files\/styles\/teaser_standard__l\/public\/aurora\/2026\/03\/523086.jpeg.webp?itok=p41dO_rT 1x\u0022 media=\u0022(min-width: 64.0625em)\u0022 type=\u0022image\/webp\u0022 width=\u0022203\u0022 height=\u0022139\u0022\/\u003E\n                  \u003Csource srcset=\u0022\/sites\/default\/files\/styles\/teaser_standard__m\/public\/aurora\/2026\/03\/523086.jpeg?itok=6MV8iqAY 1x\u0022 media=\u0022(min-width: 48.0625em) and (max-width: 64em)\u0022 type=\u0022image\/jpeg\u0022 width=\u0022323\u0022 height=\u0022221\u0022\/\u003E\n                  \u003Csource srcset=\u0022\/sites\/default\/files\/styles\/teaser_standard__l\/public\/aurora\/2026\/03\/523086.jpeg?itok=Y6NgYoZk 1x\u0022 media=\u0022(min-width: 64.0625em)\u0022 type=\u0022image\/jpeg\u0022 width=\u0022203\u0022 height=\u0022139\u0022\/\u003E\n                          \u003Cimg loading=\u0022eager\u0022 data-caption-hide width=\u0022583\u0022 height=\u0022398\u0022 data-zoomed=\u0022https:\/\/www.sbz-online.de\/sites\/default\/files\/styles\/content__zoomed\/public\/aurora\/2026\/03\/523086.jpeg?itok=PiO2VvWz\u0022 src=\u0022\/sites\/default\/files\/styles\/teaser_standard__s\/public\/aurora\/2026\/03\/523086.jpeg?itok=O_Fn1uRM\u0022 alt=\u0022\u0022 title=\u0022Geteiltes Bild, das ein Badezimmer vor und nach der Renovierung zeigt; links ist es unordentlich, rechts ist es modern und aufger\u00e4umt. - \u00a9 Bilder: Stark-Nienhaus\u0022 \/\u003E\n\n    \u003C\/picture\u003E\n      \u003Cfigcaption class=\u0022image--figcaption\u0022\u003E\n          \u003Cdiv class=\u0022copyright\u0022\u003EBilder: Stark-Nienhaus\u003C\/div\u003E\n          \u003C\/figcaption\u003E\n\u003C\/figure\u003E\n\n\n    \u003C\/div\u003E\n    \u003Cdiv class=\u0022teaser-content\u0022\u003E\n                    \u003Cdiv class=\u0022teaser-content--kicker\u0022\u003E\n                    \n        \u003C\/div\u003E\n                                              \n                        \n        \u003Ch4 class=\u0022teaser-content--headline\u0022\u003E\n                                \ufeffSo wir\ufeffd ein Dach\u00adschr\u00e4genbad auf nur 4\u00a0m\u00b2 beispielhaft \n                              \u003Cspan class=\u0022headline-last-word-arrow\u0022\u003Emodernisiert              \u003Cspan\n                  class=\u0022permission-lock permission-lock-icon--lock\u0022\u003E\u003C\/span\u003E\n                                  \u003C\/span\u003E\n        \u003C\/h4\u003E\n            \u003Cdiv class=\u0022teaser-content--publishing-date\u0022\u003E\u003Ctime datetime=\u00222026-03-25T09:47:45Z\u0022\u003E25.03.2026\u003C\/time\u003E\n\u003C\/div\u003E\u003Cspan class=\u0022teaser-content--publishing-date-divider\u0022\u003E - \u003C\/span\u003E\u003Cdiv class=\u0022teaser-content--body\u0022\u003E\u003Cp\u003EBei der Planung eines Dachschr\u00e4genbades steht der Badplaner vor der Herausforderung, den Raum sinnvoll und komfortabel einzurichten. Ganz wichtig dabei: Die Einschr\u00e4nkungen der Standh\u00f6he sind zu beachten. Die Konzeptplanung muss zwingend im Grundriss und in der Ansicht erfolgen, um Planungsfehler zu vermeiden. Andrea Stark-Nienhaus zeigt, wie das klappen kann.\u003C\/p\u003E\n\u003C\/div\u003E\n                        \u003Cspan class=\u0022read-more-arrow-container\u0022\u003E\n            \u003Cspan class=\u0022read-more-angled-arrow\u0022\u003E \u003C\/span\u003E\n          \u003C\/span\u003E\n                  \u003C\/div\u003E\n    \u003C\/a\u003E\n\u003Ca href=\u0022\/bad\/was-kommt-wirklich-raus-der-sbz-praxistest-zu-spuelkaesten\u0022  class=\u0022teaser teaser--standard\u0022 aria-label=\u0022Was kommt wirklich raus? Der\u00a0SBZ-Praxistest zu Sp\u00fclk\u00e4sten\u0022\u003E\n      \u003Cdiv class=\u0022teaser-content--image\u0022\u003E\n        \u003Cfigure class=\u0022image--figure\u0022\u003E\n        \u003Cpicture\u003E\n                        \u003Csource srcset=\u0022\/sites\/default\/files\/styles\/teaser_standard__m\/public\/aurora\/2026\/03\/523215.jpeg.webp?itok=BK0pt6EC 1x\u0022 media=\u0022(min-width: 48.0625em) and (max-width: 64em)\u0022 type=\u0022image\/webp\u0022 width=\u0022323\u0022 height=\u0022211\u0022\/\u003E\n                  \u003Csource srcset=\u0022\/sites\/default\/files\/styles\/teaser_standard__l\/public\/aurora\/2026\/03\/523215.jpeg.webp?itok=nPFp3ykE 1x\u0022 media=\u0022(min-width: 64.0625em)\u0022 type=\u0022image\/webp\u0022 width=\u0022203\u0022 height=\u0022133\u0022\/\u003E\n                  \u003Csource srcset=\u0022\/sites\/default\/files\/styles\/teaser_standard__m\/public\/aurora\/2026\/03\/523215.jpeg?itok=8g3Qts9_ 1x\u0022 media=\u0022(min-width: 48.0625em) and (max-width: 64em)\u0022 type=\u0022image\/jpeg\u0022 width=\u0022323\u0022 height=\u0022211\u0022\/\u003E\n                  \u003Csource srcset=\u0022\/sites\/default\/files\/styles\/teaser_standard__l\/public\/aurora\/2026\/03\/523215.jpeg?itok=1GJAe_mI 1x\u0022 media=\u0022(min-width: 64.0625em)\u0022 type=\u0022image\/jpeg\u0022 width=\u0022203\u0022 height=\u0022133\u0022\/\u003E\n                          \u003Cimg alt=\u0022Was leisten die Sp\u00fclk\u00e4sten namhafter Hersteller? Die SBZ hat gemeinsam mit\u00a0der Hochschule Esslingen im Sanit\u00e4rlabor ausgiebig getestet.\u0022 loading=\u0022eager\u0022 data-caption-hide width=\u0022608\u0022 height=\u0022398\u0022 data-zoomed=\u0022https:\/\/www.sbz-online.de\/sites\/default\/files\/styles\/content__zoomed\/public\/aurora\/2026\/03\/523215.jpeg?itok=xGx-41fK\u0022 src=\u0022\/sites\/default\/files\/styles\/teaser_standard__s\/public\/aurora\/2026\/03\/523215.jpeg?itok=hZbu8dfV\u0022 title=\u0022\u00a9 Bild: SBZ \/ J\u00e4ger\u0022 \/\u003E\n\n    \u003C\/picture\u003E\n      \u003Cfigcaption class=\u0022image--figcaption\u0022\u003E\n          \u003Cdiv class=\u0022copyright\u0022\u003EBild: SBZ \/ J\u00e4ger\u003C\/div\u003E\n          \u003C\/figcaption\u003E\n\u003C\/figure\u003E\n\n\n    \u003C\/div\u003E\n    \u003Cdiv class=\u0022teaser-content\u0022\u003E\n                    \u003Cdiv class=\u0022teaser-content--kicker\u0022\u003E\n                    \n        \u003C\/div\u003E\n                                              \n                        \n        \u003Ch4 class=\u0022teaser-content--headline\u0022\u003E\n                                Was kommt wirklich raus? Der\u00a0SBZ-Praxistest zu \n                              \u003Cspan class=\u0022headline-last-word-arrow\u0022\u003ESp\u00fclk\u00e4sten              \u003Cspan\n                  class=\u0022permission-lock permission-lock-icon--lock\u0022\u003E\u003C\/span\u003E\n                                  \u003C\/span\u003E\n        \u003C\/h4\u003E\n            \u003Cdiv class=\u0022teaser-content--publishing-date\u0022\u003E\u003Ctime datetime=\u00222026-03-25T09:47:33Z\u0022\u003E25.03.2026\u003C\/time\u003E\n\u003C\/div\u003E\u003Cspan class=\u0022teaser-content--publishing-date-divider\u0022\u003E - \u003C\/span\u003E\u003Cdiv class=\u0022teaser-content--body\u0022\u003E\u003Cp\u003EH\u00e4lt der Sp\u00fclkasten, was die Einstellung verspricht? Der neue SBZ-Praxistest, erneut gemeinsam mit der Hochschule Esslingen durchgef\u00fchrt, untersucht reale 6- und 3-l-Sp\u00fclmengen sowie die Handhabung in der Praxis. Die Ergebnisse werden auf der IFH\/Intherm erstmals am SBZ-Stand vorgestellt.\u003C\/p\u003E\n\u003C\/div\u003E\n                        \u003Cspan class=\u0022read-more-arrow-container\u0022\u003E\n            \u003Cspan class=\u0022read-more-angled-arrow\u0022\u003E \u003C\/span\u003E\n          \u003C\/span\u003E\n                  \u003C\/div\u003E\n    \u003C\/a\u003E\n\u003Ca href=\u0022\/meldungen\/sbz-podcast-sbz-ruft-folge-9-was-hat-franchise-mit-badverkauf-zu-tun\u0022  class=\u0022teaser teaser--standard\u0022 aria-label=\u0022SBZ ruft an \u2013 Folge 9: Was hat Franchise mit Badverkauf zu tun?\u0022\u003E\n      \u003Cdiv class=\u0022teaser-content--image\u0022\u003E\n        \u003Cfigure class=\u0022image--figure\u0022\u003E\n        \u003Cpicture\u003E\n                        \u003Csource srcset=\u0022\/sites\/default\/files\/styles\/teaser_standard__m\/public\/aurora\/2026\/03\/488076.jpeg.webp?itok=g5nAKpQu 1x\u0022 media=\u0022(min-width: 48.0625em) and (max-width: 64em)\u0022 type=\u0022image\/webp\u0022 width=\u0022323\u0022 height=\u0022215\u0022\/\u003E\n                  \u003Csource srcset=\u0022\/sites\/default\/files\/styles\/teaser_standard__l\/public\/aurora\/2026\/03\/488076.jpeg.webp?itok=J1LeGUzO 1x\u0022 media=\u0022(min-width: 64.0625em)\u0022 type=\u0022image\/webp\u0022 width=\u0022203\u0022 height=\u0022135\u0022\/\u003E\n                  \u003Csource srcset=\u0022\/sites\/default\/files\/styles\/teaser_standard__m\/public\/aurora\/2026\/03\/488076.jpeg?itok=cy4JI2ri 1x\u0022 media=\u0022(min-width: 48.0625em) and (max-width: 64em)\u0022 type=\u0022image\/jpeg\u0022 width=\u0022323\u0022 height=\u0022215\u0022\/\u003E\n                  \u003Csource srcset=\u0022\/sites\/default\/files\/styles\/teaser_standard__l\/public\/aurora\/2026\/03\/488076.jpeg?itok=tplmYn5d 1x\u0022 media=\u0022(min-width: 64.0625em)\u0022 type=\u0022image\/jpeg\u0022 width=\u0022203\u0022 height=\u0022135\u0022\/\u003E\n                          \u003Cimg loading=\u0022eager\u0022 data-caption-hide width=\u0022597\u0022 height=\u0022398\u0022 data-zoomed=\u0022https:\/\/www.sbz-online.de\/sites\/default\/files\/styles\/content__zoomed\/public\/aurora\/2026\/03\/488076.jpeg?itok=tvg63gKX\u0022 src=\u0022\/sites\/default\/files\/styles\/teaser_standard__s\/public\/aurora\/2026\/03\/488076.jpeg?itok=hb6_5NtR\u0022 alt=\u0022\u0022 title=\u0022Schwarze Kopfh\u00f6rer und ein Smartphone mit der Aufschrift \u0026quot;SBZ RUFT AN\u0026quot; auf blauem Hintergrund. - \u00a9 Konstantin Savusia - stock.adobe.com\u0022 \/\u003E\n\n    \u003C\/picture\u003E\n      \u003Cfigcaption class=\u0022image--figcaption\u0022\u003E\n          \u003Cdiv class=\u0022copyright\u0022\u003EKonstantin Savusia - stock.adobe.com\u003C\/div\u003E\n          \u003C\/figcaption\u003E\n\u003C\/figure\u003E\n\n\n    \u003C\/div\u003E\n    \u003Cdiv class=\u0022teaser-content\u0022\u003E\n                    \u003Cdiv class=\u0022teaser-content--kicker\u0022\u003E\n                    SBZ-Podcast\n        \u003C\/div\u003E\n                                              \n                        \n        \u003Ch4 class=\u0022teaser-content--headline\u0022\u003E\n                                SBZ ruft an \u2013 Folge 9: Was hat Franchise mit Badverkauf zu \n                              \u003Cspan class=\u0022headline-last-word-arrow\u0022\u003Etun?                      \u003C\/span\u003E\n        \u003C\/h4\u003E\n            \u003Cdiv class=\u0022teaser-content--publishing-date\u0022\u003E\u003Ctime datetime=\u00222026-03-13T04:00:03Z\u0022\u003E13.03.2026\u003C\/time\u003E\n\u003C\/div\u003E\u003Cspan class=\u0022teaser-content--publishing-date-divider\u0022\u003E - \u003C\/span\u003E\u003Cdiv class=\u0022teaser-content--body\u0022\u003E\u003Cp\u003EDie MHK Group bringt mit \u201eBad \u0026amp; Body\u201c ein Franchise-Konzept f\u00fcr schnelle Badmodernisierung ins Handwerk. Wie das funktioniert, erkl\u00e4rt Sven Romberg im Podcast.\u003C\/p\u003E\n\u003C\/div\u003E\n                        \u003Cspan class=\u0022read-more-arrow-container\u0022\u003E\n            \u003Cspan class=\u0022read-more-angled-arrow\u0022\u003E \u003C\/span\u003E\n          \u003C\/span\u003E\n                  \u003C\/div\u003E\n    \u003C\/a\u003E\n\u003Ca href=\u0022\/meldungen\/12032026-ab-10-uhr-voerde-baeder-erleben-und-netzwerken-am-niederrhein\u0022  class=\u0022teaser teaser--standard\u0022 aria-label=\u0022B\u00e4der erleben und netzwerken am Niederrhein\u0022\u003E\n      \u003Cdiv class=\u0022teaser-content--image\u0022\u003E\n        \u003Cfigure class=\u0022image--figure\u0022\u003E\n        \u003Cpicture\u003E\n                        \u003Csource srcset=\u0022\/sites\/default\/files\/styles\/teaser_standard__m\/public\/aurora\/2026\/03\/518345.jpeg.webp?itok=pBKHO8w9 1x\u0022 media=\u0022(min-width: 48.0625em) and (max-width: 64em)\u0022 type=\u0022image\/webp\u0022 width=\u0022323\u0022 height=\u0022202\u0022\/\u003E\n                  \u003Csource srcset=\u0022\/sites\/default\/files\/styles\/teaser_standard__l\/public\/aurora\/2026\/03\/518345.jpeg.webp?itok=Y_cEnOSU 1x\u0022 media=\u0022(min-width: 64.0625em)\u0022 type=\u0022image\/webp\u0022 width=\u0022203\u0022 height=\u0022127\u0022\/\u003E\n                  \u003Csource srcset=\u0022\/sites\/default\/files\/styles\/teaser_standard__m\/public\/aurora\/2026\/03\/518345.jpeg?itok=WVHNfoAU 1x\u0022 media=\u0022(min-width: 48.0625em) and (max-width: 64em)\u0022 type=\u0022image\/jpeg\u0022 width=\u0022323\u0022 height=\u0022202\u0022\/\u003E\n                  \u003Csource srcset=\u0022\/sites\/default\/files\/styles\/teaser_standard__l\/public\/aurora\/2026\/03\/518345.jpeg?itok=ABzgSBJu 1x\u0022 media=\u0022(min-width: 64.0625em)\u0022 type=\u0022image\/jpeg\u0022 width=\u0022203\u0022 height=\u0022127\u0022\/\u003E\n                          \u003Cimg loading=\u0022eager\u0022 data-caption-hide width=\u0022560\u0022 height=\u0022350\u0022 data-zoomed=\u0022https:\/\/www.sbz-online.de\/sites\/default\/files\/styles\/content__zoomed\/public\/aurora\/2026\/03\/518345.jpeg?itok=7ZwoSWRN\u0022 src=\u0022\/sites\/default\/files\/styles\/teaser_standard__s\/public\/aurora\/2026\/03\/518345.jpeg?itok=v_zm16Eh\u0022 title=\u0022Logo mit stilisiertem \u0026quot;bb+\u0026quot; \u00fcber der Aufschrift \u0026quot;Badezimmer Botschafter\u0026quot; in schwarzer und beiger Schrift. - \u00a9 Badezimmer-Botschafter\u0022 \/\u003E\n\n    \u003C\/picture\u003E\n      \u003Cfigcaption class=\u0022image--figcaption\u0022\u003E\n          \u003Cdiv class=\u0022copyright\u0022\u003EBadezimmer-Botschafter\u003C\/div\u003E\n          \u003C\/figcaption\u003E\n\u003C\/figure\u003E\n\n\n    \u003C\/div\u003E\n    \u003Cdiv class=\u0022teaser-content\u0022\u003E\n                    \u003Cdiv class=\u0022teaser-content--kicker\u0022\u003E\n                    12.03.2026, ab 10 Uhr, Voerde\n        \u003C\/div\u003E\n                                              \n                        \n        \u003Ch4 class=\u0022teaser-content--headline\u0022\u003E\n                                B\u00e4der erleben und netzwerken am \n                              \u003Cspan class=\u0022headline-last-word-arrow\u0022\u003ENiederrhein                      \u003C\/span\u003E\n        \u003C\/h4\u003E\n            \u003Cdiv class=\u0022teaser-content--publishing-date\u0022\u003E\u003Ctime datetime=\u00222026-03-03T04:00:06Z\u0022\u003E03.03.2026\u003C\/time\u003E\n\u003C\/div\u003E\u003Cspan class=\u0022teaser-content--publishing-date-divider\u0022\u003E - \u003C\/span\u003E\u003Cdiv class=\u0022teaser-content--body\u0022\u003E\u003Cp\u003EDie neue Eventreihe BadKontakt\u0026nbsp;by Badezimmer\u2011Botschafter\u0026nbsp;macht am 12. M\u00e4rz 2026 Station bei Hek\u00f6 in Voerde. Was die Besucher erwartet.\u003C\/p\u003E\n\u003C\/div\u003E\n                        \u003Cspan class=\u0022read-more-arrow-container\u0022\u003E\n            \u003Cspan class=\u0022read-more-angled-arrow\u0022\u003E \u003C\/span\u003E\n          \u003C\/span\u003E\n                  \u003C\/div\u003E\n    \u003C\/a\u003E\n\u003Ca href=\u0022\/meldungen\/messen-powermesse-2026-neustart-kassel\u0022  class=\u0022teaser teaser--standard\u0022 aria-label=\u0022Powermesse 2026: Neustart in Kassel\u0022\u003E\n      \u003Cdiv class=\u0022teaser-content--image\u0022\u003E\n        \u003Cfigure class=\u0022image--figure\u0022\u003E\n        \u003Cpicture\u003E\n                        \u003Csource srcset=\u0022\/sites\/default\/files\/styles\/teaser_standard__m\/public\/aurora\/2026\/02\/518780.jpeg.webp?itok=6q6SBLq4 1x\u0022 media=\u0022(min-width: 48.0625em) and (max-width: 64em)\u0022 type=\u0022image\/webp\u0022 width=\u0022323\u0022 height=\u0022215\u0022\/\u003E\n                  \u003Csource srcset=\u0022\/sites\/default\/files\/styles\/teaser_standard__l\/public\/aurora\/2026\/02\/518780.jpeg.webp?itok=KUiAzXE9 1x\u0022 media=\u0022(min-width: 64.0625em)\u0022 type=\u0022image\/webp\u0022 width=\u0022203\u0022 height=\u0022135\u0022\/\u003E\n                  \u003Csource srcset=\u0022\/sites\/default\/files\/styles\/teaser_standard__m\/public\/aurora\/2026\/02\/518780.jpeg?itok=AAtWa53b 1x\u0022 media=\u0022(min-width: 48.0625em) and (max-width: 64em)\u0022 type=\u0022image\/jpeg\u0022 width=\u0022323\u0022 height=\u0022215\u0022\/\u003E\n                  \u003Csource srcset=\u0022\/sites\/default\/files\/styles\/teaser_standard__l\/public\/aurora\/2026\/02\/518780.jpeg?itok=hQEsldDX 1x\u0022 media=\u0022(min-width: 64.0625em)\u0022 type=\u0022image\/jpeg\u0022 width=\u0022203\u0022 height=\u0022135\u0022\/\u003E\n                          \u003Cimg alt=\u0022Die Menschen im Hintergrund der Powermesse.\u0022 loading=\u0022eager\u0022 data-caption-hide width=\u0022597\u0022 height=\u0022398\u0022 data-zoomed=\u0022https:\/\/www.sbz-online.de\/sites\/default\/files\/styles\/content__zoomed\/public\/aurora\/2026\/02\/518780.jpeg?itok=EhDRBglo\u0022 src=\u0022\/sites\/default\/files\/styles\/teaser_standard__s\/public\/aurora\/2026\/02\/518780.jpeg?itok=WWVwOYhM\u0022 title=\u0022\u00a9 Powermesse\u0022 \/\u003E\n\n    \u003C\/picture\u003E\n      \u003Cfigcaption class=\u0022image--figcaption\u0022\u003E\n          \u003Cdiv class=\u0022copyright\u0022\u003EPowermesse\u003C\/div\u003E\n          \u003C\/figcaption\u003E\n\u003C\/figure\u003E\n\n\n    \u003C\/div\u003E\n    \u003Cdiv class=\u0022teaser-content\u0022\u003E\n                    \u003Cdiv class=\u0022teaser-content--kicker\u0022\u003E\n                    Messen\n        \u003C\/div\u003E\n                                              \n                        \n        \u003Ch4 class=\u0022teaser-content--headline\u0022\u003E\n                                Powermesse 2026: Neustart in \n                              \u003Cspan class=\u0022headline-last-word-arrow\u0022\u003EKassel                      \u003C\/span\u003E\n        \u003C\/h4\u003E\n            \u003Cdiv class=\u0022teaser-content--publishing-date\u0022\u003E\u003Ctime datetime=\u00222026-03-03T04:00:05Z\u0022\u003E03.03.2026\u003C\/time\u003E\n\u003C\/div\u003E\u003Cspan class=\u0022teaser-content--publishing-date-divider\u0022\u003E - \u003C\/span\u003E\u003Cdiv class=\u0022teaser-content--body\u0022\u003E\u003Cp\u003EDie erste Powermesse des Jahres pr\u00e4sentierte sich mit neuem Konzept f\u00fcr B\u00e4derbauer am Flughafen Kassel-Calden. Weitere Termine folgen.\u003C\/p\u003E\n\u003C\/div\u003E\n                        \u003Cspan class=\u0022read-more-arrow-container\u0022\u003E\n            \u003Cspan class=\u0022read-more-angled-arrow\u0022\u003E \u003C\/span\u003E\n          \u003C\/span\u003E\n                  \u003C\/div\u003E\n    \u003C\/a\u003E\n\u003Ca href=\u0022\/bad\/duschpalast-fuer-alle-lebenslagen\u0022  class=\u0022teaser teaser--standard\u0022 aria-label=\u0022\ufeffDuschpalast f\u00fcr alle Lebenslagen\u0022\u003E\n      \u003Cdiv class=\u0022teaser-content--image\u0022\u003E\n        \u003Cfigure class=\u0022image--figure\u0022\u003E\n        \u003Cpicture\u003E\n                        \u003Csource srcset=\u0022\/sites\/default\/files\/styles\/teaser_standard__m\/public\/aurora\/2026\/02\/516070.jpeg.webp?itok=jQqEE5lh 1x\u0022 media=\u0022(min-width: 48.0625em) and (max-width: 64em)\u0022 type=\u0022image\/webp\u0022 width=\u0022320\u0022 height=\u0022242\u0022\/\u003E\n                  \u003Csource srcset=\u0022\/sites\/default\/files\/styles\/teaser_standard__l\/public\/aurora\/2026\/02\/516070.jpeg.webp?itok=Z7qIokgJ 1x\u0022 media=\u0022(min-width: 64.0625em)\u0022 type=\u0022image\/webp\u0022 width=\u0022201\u0022 height=\u0022152\u0022\/\u003E\n                  \u003Csource srcset=\u0022\/sites\/default\/files\/styles\/teaser_standard__m\/public\/aurora\/2026\/02\/516070.jpeg?itok=8n9vucna 1x\u0022 media=\u0022(min-width: 48.0625em) and (max-width: 64em)\u0022 type=\u0022image\/jpeg\u0022 width=\u0022320\u0022 height=\u0022242\u0022\/\u003E\n                  \u003Csource srcset=\u0022\/sites\/default\/files\/styles\/teaser_standard__l\/public\/aurora\/2026\/02\/516070.jpeg?itok=6DDdSbJz 1x\u0022 media=\u0022(min-width: 64.0625em)\u0022 type=\u0022image\/jpeg\u0022 width=\u0022201\u0022 height=\u0022152\u0022\/\u003E\n                          \u003Cimg loading=\u0022eager\u0022 data-caption-hide width=\u0022527\u0022 height=\u0022398\u0022 data-zoomed=\u0022https:\/\/www.sbz-online.de\/sites\/default\/files\/styles\/content__zoomed\/public\/aurora\/2026\/02\/516070.jpeg?itok=oouIPuym\u0022 src=\u0022\/sites\/default\/files\/styles\/teaser_standard__s\/public\/aurora\/2026\/02\/516070.jpeg?itok=RJZMCUBG\u0022 alt=\u0022\u0022 title=\u0022Modernes, barrierefreies Bad mit wandmontiertem Waschbecken, Duschsitz, Haltegriffen und gro\u00dfem Spiegel. - \u00a9 Bild: Stark-Nienhaus\u0022 \/\u003E\n\n    \u003C\/picture\u003E\n      \u003Cfigcaption class=\u0022image--figcaption\u0022\u003E\n          \u003Cdiv class=\u0022copyright\u0022\u003EBild: Stark-Nienhaus\u003C\/div\u003E\n          \u003C\/figcaption\u003E\n\u003C\/figure\u003E\n\n\n    \u003C\/div\u003E\n    \u003Cdiv class=\u0022teaser-content\u0022\u003E\n                    \u003Cdiv class=\u0022teaser-content--kicker\u0022\u003E\n                    \n        \u003C\/div\u003E\n                                              \n                        \n        \u003Ch4 class=\u0022teaser-content--headline\u0022\u003E\n                                \ufeffDuschpalast f\u00fcr alle \n                              \u003Cspan class=\u0022headline-last-word-arrow\u0022\u003ELebenslagen              \u003Cspan\n                  class=\u0022permission-lock permission-lock-icon--lock\u0022\u003E\u003C\/span\u003E\n                                  \u003C\/span\u003E\n        \u003C\/h4\u003E\n            \u003Cdiv class=\u0022teaser-content--publishing-date\u0022\u003E\u003Ctime datetime=\u00222026-02-24T14:50:30Z\u0022\u003E24.02.2026\u003C\/time\u003E\n\u003C\/div\u003E\u003Cspan class=\u0022teaser-content--publishing-date-divider\u0022\u003E - \u003C\/span\u003E\u003Cdiv class=\u0022teaser-content--body\u0022\u003E\u003Cp\u003EWohneinrichtungen sollten f\u00fcr Menschen konzipiert sein und allen Lebenssituationen gerecht werden. Das gilt insbesondere f\u00fcr das Badezimmer, damit die t\u00e4gliche K\u00f6rperpflege m\u00f6glichst lange eigenst\u00e4ndig durchgef\u00fchrt werden kann. Wird sp\u00e4ter Unterst\u00fctzung erforderlich, erleichtert ein gro\u00dfz\u00fcgig bemessener Raum die Hilfestellung. Eine vorausschauende Planung, die s\u00e4mtliche Lebensphasen einbezieht und zugleich \u00e4sthetischen Anspr\u00fcchen entspricht, l\u00e4sst sich durchaus realisieren. Andrea Stark-Nienhaus zeigt in einem Praxisbeispiel, wie dies umgesetzt werden kann.\ufeff\u003C\/p\u003E\n\u003C\/div\u003E\n                        \u003Cspan class=\u0022read-more-arrow-container\u0022\u003E\n            \u003Cspan class=\u0022read-more-angled-arrow\u0022\u003E \u003C\/span\u003E\n          \u003C\/span\u003E\n                  \u003C\/div\u003E\n    \u003C\/a\u003E\n\u003Ca href=\u0022\/meldungen\/28-februar-2026-bundesweit-elements-showtag-2026-bad-heizung-und-energiemanagement\u0022  class=\u0022teaser teaser--standard\u0022 aria-label=\u0022Elements Showtag 2026: Bad, Hei\u00adzung und En\u00ader\u00adgie\u00adma\u00adnage\u00adment\u0022\u003E\n      \u003Cdiv class=\u0022teaser-content--image\u0022\u003E\n        \u003Cfigure class=\u0022image--figure\u0022\u003E\n        \u003Cpicture\u003E\n                        \u003Csource srcset=\u0022\/sites\/default\/files\/styles\/teaser_standard__m\/public\/aurora\/2026\/02\/511181.jpeg.webp?itok=gpHT3uLu 1x\u0022 media=\u0022(min-width: 48.0625em) and (max-width: 64em)\u0022 type=\u0022image\/webp\u0022 width=\u0022323\u0022 height=\u0022215\u0022\/\u003E\n                  \u003Csource srcset=\u0022\/sites\/default\/files\/styles\/teaser_standard__l\/public\/aurora\/2026\/02\/511181.jpeg.webp?itok=0-TnTvk1 1x\u0022 media=\u0022(min-width: 64.0625em)\u0022 type=\u0022image\/webp\u0022 width=\u0022203\u0022 height=\u0022135\u0022\/\u003E\n                  \u003Csource srcset=\u0022\/sites\/default\/files\/styles\/teaser_standard__m\/public\/aurora\/2026\/02\/511181.jpeg?itok=VzH1k1q7 1x\u0022 media=\u0022(min-width: 48.0625em) and (max-width: 64em)\u0022 type=\u0022image\/jpeg\u0022 width=\u0022323\u0022 height=\u0022215\u0022\/\u003E\n                  \u003Csource srcset=\u0022\/sites\/default\/files\/styles\/teaser_standard__l\/public\/aurora\/2026\/02\/511181.jpeg?itok=qxybqixh 1x\u0022 media=\u0022(min-width: 64.0625em)\u0022 type=\u0022image\/jpeg\u0022 width=\u0022203\u0022 height=\u0022135\u0022\/\u003E\n                          \u003Cimg loading=\u0022eager\u0022 data-caption-hide width=\u0022597\u0022 height=\u0022398\u0022 data-zoomed=\u0022https:\/\/www.sbz-online.de\/sites\/default\/files\/styles\/content__zoomed\/public\/aurora\/2026\/02\/511181.jpeg?itok=c3k5iXzu\u0022 src=\u0022\/sites\/default\/files\/styles\/teaser_standard__s\/public\/aurora\/2026\/02\/511181.jpeg?itok=C5uxSbfT\u0022 title=\u0022Skizze einer Ente mit Symbolen und deutschen Etiketten f\u00fcr Energie, Heizung, Barrierefreiheit und Badezimmerl\u00f6sungen. - \u00a9 Elements\u0022 \/\u003E\n\n    \u003C\/picture\u003E\n      \u003Cfigcaption class=\u0022image--figcaption\u0022\u003E\n          \u003Cdiv class=\u0022copyright\u0022\u003EElements\u003C\/div\u003E\n          \u003C\/figcaption\u003E\n\u003C\/figure\u003E\n\n\n    \u003C\/div\u003E\n    \u003Cdiv class=\u0022teaser-content\u0022\u003E\n                    \u003Cdiv class=\u0022teaser-content--kicker\u0022\u003E\n                    28. Februar 2026, bundesweit\n        \u003C\/div\u003E\n                                              \n                        \n        \u003Ch4 class=\u0022teaser-content--headline\u0022\u003E\n                                Elements Showtag 2026: Bad, Hei\u00adzung und \n                              \u003Cspan class=\u0022headline-last-word-arrow\u0022\u003EEn\u00ader\u00adgie\u00adma\u00adnage\u00adment                      \u003C\/span\u003E\n        \u003C\/h4\u003E\n            \u003Cdiv class=\u0022teaser-content--publishing-date\u0022\u003E\u003Ctime datetime=\u00222026-02-11T04:00:04Z\u0022\u003E11.02.2026\u003C\/time\u003E\n\u003C\/div\u003E\u003Cspan class=\u0022teaser-content--publishing-date-divider\u0022\u003E - \u003C\/span\u003E\u003Cdiv class=\u0022teaser-content--body\u0022\u003E\u003Cp\u003EAm Elements Showtag 2026 \u00f6ffnen bundesweit die Ausstellungen ihre T\u00fcren. Im Fokus stehen Themen wie das pflegeleichte Bad, Barrierefreiheit, Energie und Heizung.\u003C\/p\u003E\n\u003C\/div\u003E\n                        \u003Cspan class=\u0022read-more-arrow-container\u0022\u003E\n            \u003Cspan class=\u0022read-more-angled-arrow\u0022\u003E \u003C\/span\u003E\n          \u003C\/span\u003E\n                  \u003C\/div\u003E\n    \u003C\/a\u003E\n\u003Ca href=\u0022\/meldungen\/referenzprojekt-nachhaltige-badloesungen-fuer-oekologische-mikrohaeuser\u0022  class=\u0022teaser teaser--standard\u0022 aria-label=\u0022Nachhaltige Badl\u00f6sungen f\u00fcr \u00f6ko\u00adlo\u00adgi\u00adsche Mi\u00adkro\u00adh\u00e4u\u00adser\u0022\u003E\n      \u003Cdiv class=\u0022teaser-content--image\u0022\u003E\n        \u003Cfigure class=\u0022image--figure\u0022\u003E\n        \u003Cpicture\u003E\n                        \u003Csource srcset=\u0022\/sites\/default\/files\/styles\/teaser_standard__m\/public\/aurora\/2026\/02\/512841.jpeg.webp?itok=9ZjId9ke 1x\u0022 media=\u0022(min-width: 48.0625em) and (max-width: 64em)\u0022 type=\u0022image\/webp\u0022 width=\u0022323\u0022 height=\u0022215\u0022\/\u003E\n                  \u003Csource srcset=\u0022\/sites\/default\/files\/styles\/teaser_standard__l\/public\/aurora\/2026\/02\/512841.jpeg.webp?itok=WIr1LYJt 1x\u0022 media=\u0022(min-width: 64.0625em)\u0022 type=\u0022image\/webp\u0022 width=\u0022203\u0022 height=\u0022135\u0022\/\u003E\n                  \u003Csource srcset=\u0022\/sites\/default\/files\/styles\/teaser_standard__m\/public\/aurora\/2026\/02\/512841.jpeg?itok=0ytzc_0b 1x\u0022 media=\u0022(min-width: 48.0625em) and (max-width: 64em)\u0022 type=\u0022image\/jpeg\u0022 width=\u0022323\u0022 height=\u0022215\u0022\/\u003E\n                  \u003Csource srcset=\u0022\/sites\/default\/files\/styles\/teaser_standard__l\/public\/aurora\/2026\/02\/512841.jpeg?itok=mOcXbeKL 1x\u0022 media=\u0022(min-width: 64.0625em)\u0022 type=\u0022image\/jpeg\u0022 width=\u0022203\u0022 height=\u0022135\u0022\/\u003E\n                          \u003Cimg loading=\u0022eager\u0022 data-caption-hide width=\u0022597\u0022 height=\u0022398\u0022 data-zoomed=\u0022https:\/\/www.sbz-online.de\/sites\/default\/files\/styles\/content__zoomed\/public\/aurora\/2026\/02\/512841.jpeg?itok=izcaULNl\u0022 src=\u0022\/sites\/default\/files\/styles\/teaser_standard__s\/public\/aurora\/2026\/02\/512841.jpeg?itok=XHhq-xuE\u0022 alt=\u0022\u0022 title=\u0022Ein moderner schwarzer Duschkopf, der das Wasser auf eine schlichte, rechteckige Wandablage spritzt. - \u00a9 mlab.relax Eifel \/ Bastian Ramakers\u0022 \/\u003E\n\n    \u003C\/picture\u003E\n      \u003Cfigcaption class=\u0022image--figcaption\u0022\u003E\n          \u003Cdiv class=\u0022copyright\u0022\u003Emlab.relax Eifel \/ Bastian Ramakers\u003C\/div\u003E\n          \u003C\/figcaption\u003E\n\u003C\/figure\u003E\n\n\n    \u003C\/div\u003E\n    \u003Cdiv class=\u0022teaser-content\u0022\u003E\n                    \u003Cdiv class=\u0022teaser-content--kicker\u0022\u003E\n                    Referenzprojekt\n        \u003C\/div\u003E\n                                              \n                        \n        \u003Ch4 class=\u0022teaser-content--headline\u0022\u003E\n                                Nachhaltige Badl\u00f6sungen f\u00fcr \u00f6ko\u00adlo\u00adgi\u00adsche \n                              \u003Cspan class=\u0022headline-last-word-arrow\u0022\u003EMi\u00adkro\u00adh\u00e4u\u00adser                      \u003C\/span\u003E\n        \u003C\/h4\u003E\n            \u003Cdiv class=\u0022teaser-content--publishing-date\u0022\u003E\u003Ctime datetime=\u00222026-02-10T04:00:06Z\u0022\u003E10.02.2026\u003C\/time\u003E\n\u003C\/div\u003E\u003Cspan class=\u0022teaser-content--publishing-date-divider\u0022\u003E - \u003C\/span\u003E\u003Cdiv class=\u0022teaser-content--body\u0022\u003E\u003Cp\u003EDie Mikroh\u00e4user von mlab.design am Nationalpark Eifel setzen im Bad auf nachhaltige und designorientierte L\u00f6sungen von Keuco.\u003C\/p\u003E\n\u003C\/div\u003E\n                        \u003Cspan class=\u0022read-more-arrow-container\u0022\u003E\n            \u003Cspan class=\u0022read-more-angled-arrow\u0022\u003E \u003C\/span\u003E\n          \u003C\/span\u003E\n                  \u003C\/div\u003E\n    \u003C\/a\u003E\n\u003Ca href=\u0022\/bad\/purismus-darf-auch-farbig-sein\u0022  class=\u0022teaser teaser--standard\u0022 aria-label=\u0022Purismus darf auch\u00a0farbig sein!\u0022\u003E\n      \u003Cdiv class=\u0022teaser-content--image\u0022\u003E\n        \u003Cfigure class=\u0022image--figure\u0022\u003E\n        \u003Cpicture\u003E\n                        \u003Csource srcset=\u0022\/sites\/default\/files\/styles\/teaser_standard__m\/public\/aurora\/2026\/01\/507883.jpeg.webp?itok=cb8QUfmm 1x\u0022 media=\u0022(min-width: 48.0625em) and (max-width: 64em)\u0022 type=\u0022image\/webp\u0022 width=\u0022323\u0022 height=\u0022230\u0022\/\u003E\n                  \u003Csource srcset=\u0022\/sites\/default\/files\/styles\/teaser_standard__l\/public\/aurora\/2026\/01\/507883.jpeg.webp?itok=0W1YECrN 1x\u0022 media=\u0022(min-width: 64.0625em)\u0022 type=\u0022image\/webp\u0022 width=\u0022203\u0022 height=\u0022144\u0022\/\u003E\n                  \u003Csource srcset=\u0022\/sites\/default\/files\/styles\/teaser_standard__m\/public\/aurora\/2026\/01\/507883.jpeg?itok=qfRmXejf 1x\u0022 media=\u0022(min-width: 48.0625em) and (max-width: 64em)\u0022 type=\u0022image\/jpeg\u0022 width=\u0022323\u0022 height=\u0022230\u0022\/\u003E\n                  \u003Csource srcset=\u0022\/sites\/default\/files\/styles\/teaser_standard__l\/public\/aurora\/2026\/01\/507883.jpeg?itok=ul5_Jx_S 1x\u0022 media=\u0022(min-width: 64.0625em)\u0022 type=\u0022image\/jpeg\u0022 width=\u0022203\u0022 height=\u0022144\u0022\/\u003E\n                          \u003Cimg loading=\u0022eager\u0022 data-caption-hide width=\u0022560\u0022 height=\u0022398\u0022 alt=\u0022Ein schn\u00f6rkelloses Bad kann ein attraktiver\u00a0Blickfang sein, auch wenn die Farben nicht\u00a0typisch f\u00fcr den Minimalismus sind. Die \u00adNuancen \u00adstammen aus \u201eCaparol Icons\u201c, eine Drainline-\u00adDuschrinne von Tece ist im Boden versteckt.\u0022 data-zoomed=\u0022https:\/\/www.sbz-online.de\/sites\/default\/files\/styles\/content__zoomed\/public\/aurora\/2026\/01\/507883.jpeg?itok=rx9bj-c5\u0022 src=\u0022\/sites\/default\/files\/styles\/teaser_standard__s\/public\/aurora\/2026\/01\/507883.jpeg?itok=PLHqHqbe\u0022 title=\u0022\u00a9 Bild: Design-Hotel Laurichhof, Pirna \/ Franz Philip Seidel\u0022 \/\u003E\n\n    \u003C\/picture\u003E\n      \u003Cfigcaption class=\u0022image--figcaption\u0022\u003E\n          \u003Cdiv class=\u0022copyright\u0022\u003EBild: Design-Hotel Laurichhof, Pirna \/ Franz Philip Seidel\u003C\/div\u003E\n          \u003C\/figcaption\u003E\n\u003C\/figure\u003E\n\n\n    \u003C\/div\u003E\n    \u003Cdiv class=\u0022teaser-content\u0022\u003E\n                    \u003Cdiv class=\u0022teaser-content--kicker\u0022\u003E\n                    \n        \u003C\/div\u003E\n                                              \n                        \n        \u003Ch4 class=\u0022teaser-content--headline\u0022\u003E\n                                Purismus darf auch\u00a0farbig \n                              \u003Cspan class=\u0022headline-last-word-arrow\u0022\u003Esein!              \u003Cspan\n                  class=\u0022permission-lock permission-lock-icon--lock\u0022\u003E\u003C\/span\u003E\n                                  \u003C\/span\u003E\n        \u003C\/h4\u003E\n            \u003Cdiv class=\u0022teaser-content--publishing-date\u0022\u003E\u003Ctime datetime=\u00222026-01-28T10:53:21Z\u0022\u003E28.01.2026\u003C\/time\u003E\n\u003C\/div\u003E\u003Cspan class=\u0022teaser-content--publishing-date-divider\u0022\u003E - \u003C\/span\u003E\u003Cdiv class=\u0022teaser-content--body\u0022\u003E\u003Cp\u003EDurchdachte Planung wertet nicht nur kleine B\u00e4der auf. Eine zeitlose Gestaltung kann sich an der klassischen Moderne orientieren. Sie setzt auf klare Formen, langlebige Materialien und bewusst eingesetzte Farbe. Wie sich das Wissen der Bauhausexperten heute noch in der Badgestaltung umsetzen l\u00e4sst, erl\u00e4utert \u00adDr.\u0026nbsp;\u00adHildegard\u0026nbsp;\u00adKalthegener.\u003C\/p\u003E\n\u003C\/div\u003E\n                        \u003Cspan class=\u0022read-more-arrow-container\u0022\u003E\n            \u003Cspan class=\u0022read-more-angled-arrow\u0022\u003E \u003C\/span\u003E\n          \u003C\/span\u003E\n                  \u003C\/div\u003E\n    \u003C\/a\u003E\n\u003Ca href=\u0022\/meldungen\/17-bis-20-maerz-2026-messe-essen-shke-essen-mit-neuer-impulsflaeche-fuer-die\u0022  class=\u0022teaser teaser--standard\u0022 aria-label=\u0022SHK+E Essen mit neuer Impuls\u00adfl\u00e4che f\u00fcr die Sani\u00adt\u00e4r\u00adbranche\u0022\u003E\n      \u003Cdiv class=\u0022teaser-content--image\u0022\u003E\n        \u003Cfigure class=\u0022image--figure\u0022\u003E\n        \u003Cpicture\u003E\n                        \u003Csource srcset=\u0022\/sites\/default\/files\/styles\/teaser_standard__m\/public\/aurora\/2025\/07\/462887.jpeg.webp?itok=HxcIsInJ 1x\u0022 media=\u0022(min-width: 48.0625em) and (max-width: 64em)\u0022 type=\u0022image\/webp\u0022 width=\u0022323\u0022 height=\u0022215\u0022\/\u003E\n                  \u003Csource srcset=\u0022\/sites\/default\/files\/styles\/teaser_standard__l\/public\/aurora\/2025\/07\/462887.jpeg.webp?itok=_ev8lYpc 1x\u0022 media=\u0022(min-width: 64.0625em)\u0022 type=\u0022image\/webp\u0022 width=\u0022203\u0022 height=\u0022135\u0022\/\u003E\n                  \u003Csource srcset=\u0022\/sites\/default\/files\/styles\/teaser_standard__m\/public\/aurora\/2025\/07\/462887.jpeg?itok=tFT9uosO 1x\u0022 media=\u0022(min-width: 48.0625em) and (max-width: 64em)\u0022 type=\u0022image\/jpeg\u0022 width=\u0022323\u0022 height=\u0022215\u0022\/\u003E\n                  \u003Csource srcset=\u0022\/sites\/default\/files\/styles\/teaser_standard__l\/public\/aurora\/2025\/07\/462887.jpeg?itok=ZhOvOueW 1x\u0022 media=\u0022(min-width: 64.0625em)\u0022 type=\u0022image\/jpeg\u0022 width=\u0022203\u0022 height=\u0022135\u0022\/\u003E\n                          \u003Cimg loading=\u0022eager\u0022 data-caption-hide width=\u0022597\u0022 height=\u0022398\u0022 data-zoomed=\u0022https:\/\/www.sbz-online.de\/sites\/default\/files\/styles\/content__zoomed\/public\/aurora\/2025\/07\/462887.jpeg?itok=YqkY0V5V\u0022 src=\u0022\/sites\/default\/files\/styles\/teaser_standard__s\/public\/aurora\/2025\/07\/462887.jpeg?itok=QTORuT0Z\u0022 alt=\u0022\u0022 title=\u0022Moderner Badezimmer-Ausstellungsraum mit zwei Waschbecken, gr\u00fcnen Akzenten, Pflanzen und Menschen, die im Hintergrund des Flurs zu sehen sind. - \u00a9 Alex Muchnik \/ Messe Essen\u0022 \/\u003E\n\n    \u003C\/picture\u003E\n      \u003Cfigcaption class=\u0022image--figcaption\u0022\u003E\n          \u003Cdiv class=\u0022copyright\u0022\u003EAlex Muchnik \/ Messe Essen\u003C\/div\u003E\n          \u003C\/figcaption\u003E\n\u003C\/figure\u003E\n\n\n    \u003C\/div\u003E\n    \u003Cdiv class=\u0022teaser-content\u0022\u003E\n                    \u003Cdiv class=\u0022teaser-content--kicker\u0022\u003E\n                    17. bis 20. M\u00e4rz 2026, Messe Essen\n        \u003C\/div\u003E\n                                              \n                        \n        \u003Ch4 class=\u0022teaser-content--headline\u0022\u003E\n                                SHK+E Essen mit neuer Impuls\u00adfl\u00e4che f\u00fcr die \n                              \u003Cspan class=\u0022headline-last-word-arrow\u0022\u003ESani\u00adt\u00e4r\u00adbranche                      \u003C\/span\u003E\n        \u003C\/h4\u003E\n            \u003Cdiv class=\u0022teaser-content--publishing-date\u0022\u003E\u003Ctime datetime=\u00222026-01-26T04:00:07Z\u0022\u003E26.01.2026\u003C\/time\u003E\n\u003C\/div\u003E\u003Cspan class=\u0022teaser-content--publishing-date-divider\u0022\u003E - \u003C\/span\u003E\u003Cdiv class=\u0022teaser-content--body\u0022\u003E\u003Cp\u003EDer neue Sanit\u00e4r-Hub der SHK+E Essen nimmt konkrete Formen an: F\u00fcr den ersten Messetag stehen die inhaltlichen Schwerpunkte fest.\u003C\/p\u003E\n\u003C\/div\u003E\n                        \u003Cspan class=\u0022read-more-arrow-container\u0022\u003E\n            \u003Cspan class=\u0022read-more-angled-arrow\u0022\u003E \u003C\/span\u003E\n          \u003C\/span\u003E\n                  \u003C\/div\u003E\n    \u003C\/a\u003E\n\u003Ca href=\u0022\/meldungen\/badplanung-neue-elements-kampagne-lass-das-doch-den-profi-machen\u0022  class=\u0022teaser teaser--standard\u0022 aria-label=\u0022Neue Elements-Kampagne \u201eLass das doch den Profi machen\u201c\u0022\u003E\n      \u003Cdiv class=\u0022teaser-content--image\u0022\u003E\n        \u003Cfigure class=\u0022image--figure\u0022\u003E\n        \u003Cpicture\u003E\n                        \u003Csource srcset=\u0022\/sites\/default\/files\/styles\/teaser_standard__m\/public\/aurora\/2026\/01\/506317.jpeg.webp?itok=wRd4VSnD 1x\u0022 media=\u0022(min-width: 48.0625em) and (max-width: 64em)\u0022 type=\u0022image\/webp\u0022 width=\u0022323\u0022 height=\u0022215\u0022\/\u003E\n                  \u003Csource srcset=\u0022\/sites\/default\/files\/styles\/teaser_standard__l\/public\/aurora\/2026\/01\/506317.jpeg.webp?itok=AEVSOkW2 1x\u0022 media=\u0022(min-width: 64.0625em)\u0022 type=\u0022image\/webp\u0022 width=\u0022203\u0022 height=\u0022135\u0022\/\u003E\n                  \u003Csource srcset=\u0022\/sites\/default\/files\/styles\/teaser_standard__m\/public\/aurora\/2026\/01\/506317.jpeg?itok=xivStsmN 1x\u0022 media=\u0022(min-width: 48.0625em) and (max-width: 64em)\u0022 type=\u0022image\/jpeg\u0022 width=\u0022323\u0022 height=\u0022215\u0022\/\u003E\n                  \u003Csource srcset=\u0022\/sites\/default\/files\/styles\/teaser_standard__l\/public\/aurora\/2026\/01\/506317.jpeg?itok=jcw-F5sc 1x\u0022 media=\u0022(min-width: 64.0625em)\u0022 type=\u0022image\/jpeg\u0022 width=\u0022203\u0022 height=\u0022135\u0022\/\u003E\n                          \u003Cimg alt=\u0022Mark Keller mit seinen S\u00f6hnen Joshua (li.) und Aaron.\u0022 loading=\u0022eager\u0022 data-caption-hide width=\u0022597\u0022 height=\u0022398\u0022 data-zoomed=\u0022https:\/\/www.sbz-online.de\/sites\/default\/files\/styles\/content__zoomed\/public\/aurora\/2026\/01\/506317.jpeg?itok=U7itrO4c\u0022 src=\u0022\/sites\/default\/files\/styles\/teaser_standard__s\/public\/aurora\/2026\/01\/506317.jpeg?itok=yTESedx9\u0022 title=\u0022\u00a9 elements-show.de\u0022 \/\u003E\n\n    \u003C\/picture\u003E\n      \u003Cfigcaption class=\u0022image--figcaption\u0022\u003E\n          \u003Cdiv class=\u0022copyright\u0022\u003Eelements-show.de\u003C\/div\u003E\n          \u003C\/figcaption\u003E\n\u003C\/figure\u003E\n\n\n    \u003C\/div\u003E\n    \u003Cdiv class=\u0022teaser-content\u0022\u003E\n                    \u003Cdiv class=\u0022teaser-content--kicker\u0022\u003E\n                    Badplanung\n        \u003C\/div\u003E\n                                              \n                        \n        \u003Ch4 class=\u0022teaser-content--headline\u0022\u003E\n                                Neue Elements-Kampagne \u201eLass das doch den Profi \n                              \u003Cspan class=\u0022headline-last-word-arrow\u0022\u003Emachen\u201c                      \u003C\/span\u003E\n        \u003C\/h4\u003E\n            \u003Cdiv class=\u0022teaser-content--publishing-date\u0022\u003E\u003Ctime datetime=\u00222026-01-19T04:00:05Z\u0022\u003E19.01.2026\u003C\/time\u003E\n\u003C\/div\u003E\u003Cspan class=\u0022teaser-content--publishing-date-divider\u0022\u003E - \u003C\/span\u003E\u003Cdiv class=\u0022teaser-content--body\u0022\u003E\u003Cp\u003EElements startet mit Schau\u00adspie\u00adler Mark Keller als Gesicht eine neue Kampagne f\u00fcrs Hand\u00adwerk. Motto: \u201eLass das doch den Profi machen!\u201c\u003C\/p\u003E\n\u003C\/div\u003E\n                        \u003Cspan class=\u0022read-more-arrow-container\u0022\u003E\n            \u003Cspan class=\u0022read-more-angled-arrow\u0022\u003E \u003C\/span\u003E\n          \u003C\/span\u003E\n                  \u003C\/div\u003E\n    \u003C\/a\u003E\n\u003Ca href=\u0022\/meldungen\/badgestaltung-wedi-sanwell-xs-duschwandmodul-fuer-kleine-baeder\u0022  class=\u0022teaser teaser--standard\u0022 aria-label=\u0022Wedi Sanwell XS: Dusch\u00adwand\u00admo\u00addul f\u00fcr klei\u00adne B\u00e4\u00adder\u0022\u003E\n      \u003Cdiv class=\u0022teaser-content--image\u0022\u003E\n        \u003Cfigure class=\u0022image--figure\u0022\u003E\n        \u003Cpicture\u003E\n                        \u003Csource srcset=\u0022\/sites\/default\/files\/styles\/teaser_standard__m\/public\/aurora\/2026\/01\/506323.jpeg.webp?itok=0_Tnr1M5 1x\u0022 media=\u0022(min-width: 48.0625em) and (max-width: 64em)\u0022 type=\u0022image\/webp\u0022 width=\u0022323\u0022 height=\u0022215\u0022\/\u003E\n                  \u003Csource srcset=\u0022\/sites\/default\/files\/styles\/teaser_standard__l\/public\/aurora\/2026\/01\/506323.jpeg.webp?itok=hTEU50oR 1x\u0022 media=\u0022(min-width: 64.0625em)\u0022 type=\u0022image\/webp\u0022 width=\u0022203\u0022 height=\u0022135\u0022\/\u003E\n                  \u003Csource srcset=\u0022\/sites\/default\/files\/styles\/teaser_standard__m\/public\/aurora\/2026\/01\/506323.jpeg?itok=XfYmDRDl 1x\u0022 media=\u0022(min-width: 48.0625em) and (max-width: 64em)\u0022 type=\u0022image\/jpeg\u0022 width=\u0022323\u0022 height=\u0022215\u0022\/\u003E\n                  \u003Csource srcset=\u0022\/sites\/default\/files\/styles\/teaser_standard__l\/public\/aurora\/2026\/01\/506323.jpeg?itok=XkmQzvSA 1x\u0022 media=\u0022(min-width: 64.0625em)\u0022 type=\u0022image\/jpeg\u0022 width=\u0022203\u0022 height=\u0022135\u0022\/\u003E\n                          \u003Cimg loading=\u0022eager\u0022 data-caption-hide width=\u0022597\u0022 height=\u0022398\u0022 data-zoomed=\u0022https:\/\/www.sbz-online.de\/sites\/default\/files\/styles\/content__zoomed\/public\/aurora\/2026\/01\/506323.jpeg?itok=9wV5eaJk\u0022 src=\u0022\/sites\/default\/files\/styles\/teaser_standard__s\/public\/aurora\/2026\/01\/506323.jpeg?itok=uyKiGyLf\u0022 title=\u0022Modernes Badezimmer mit wei\u00dfem Marmor, wandmontierter Toilette, Glasdusche und minimalistischem Dekor. - \u00a9 Wedi\u0022 \/\u003E\n\n    \u003C\/picture\u003E\n      \u003Cfigcaption class=\u0022image--figcaption\u0022\u003E\n          \u003Cdiv class=\u0022copyright\u0022\u003EWedi\u003C\/div\u003E\n          \u003C\/figcaption\u003E\n\u003C\/figure\u003E\n\n\n    \u003C\/div\u003E\n    \u003Cdiv class=\u0022teaser-content\u0022\u003E\n                    \u003Cdiv class=\u0022teaser-content--kicker\u0022\u003E\n                    Badgestaltung\n        \u003C\/div\u003E\n                                              \n                        \n        \u003Ch4 class=\u0022teaser-content--headline\u0022\u003E\n                                Wedi Sanwell XS: Dusch\u00adwand\u00admo\u00addul f\u00fcr klei\u00adne \n                              \u003Cspan class=\u0022headline-last-word-arrow\u0022\u003EB\u00e4\u00adder                      \u003C\/span\u003E\n        \u003C\/h4\u003E\n            \u003Cdiv class=\u0022teaser-content--publishing-date\u0022\u003E\u003Ctime datetime=\u00222026-01-16T04:00:05Z\u0022\u003E16.01.2026\u003C\/time\u003E\n\u003C\/div\u003E\u003Cspan class=\u0022teaser-content--publishing-date-divider\u0022\u003E - \u003C\/span\u003E\u003Cdiv class=\u0022teaser-content--body\u0022\u003E\u003Cp\u003EDas neue Wedi Sanwell XS Duschwandmodul bietet eine L\u00f6sung f\u00fcr die Gestaltung komfortabler und \u00e4sthetischer Duschbereiche auf engstem Raum.\u003C\/p\u003E\n\u003C\/div\u003E\n                        \u003Cspan class=\u0022read-more-arrow-container\u0022\u003E\n            \u003Cspan class=\u0022read-more-angled-arrow\u0022\u003E \u003C\/span\u003E\n          \u003C\/span\u003E\n                  \u003C\/div\u003E\n    \u003C\/a\u003E\n\u003Ca href=\u0022\/meldungen\/badplanung-neue-hsk-kampagne-kalkulierbare-komplett-angebote\u0022  class=\u0022teaser teaser--standard\u0022 aria-label=\u0022Neue HSK-Kampagne: kalkulierbare Kom\u00adplett\u00ad-An\u00adge\u00adbo\u00adte\u0022\u003E\n      \u003Cdiv class=\u0022teaser-content--image\u0022\u003E\n        \u003Cfigure class=\u0022image--figure\u0022\u003E\n        \u003Cpicture\u003E\n                        \u003Csource srcset=\u0022\/sites\/default\/files\/styles\/teaser_standard__m\/public\/aurora\/2025\/12\/503431.jpeg.webp?itok=aDb0yOBv 1x\u0022 media=\u0022(min-width: 48.0625em) and (max-width: 64em)\u0022 type=\u0022image\/webp\u0022 width=\u0022323\u0022 height=\u0022215\u0022\/\u003E\n                  \u003Csource srcset=\u0022\/sites\/default\/files\/styles\/teaser_standard__l\/public\/aurora\/2025\/12\/503431.jpeg.webp?itok=BYq45AVc 1x\u0022 media=\u0022(min-width: 64.0625em)\u0022 type=\u0022image\/webp\u0022 width=\u0022203\u0022 height=\u0022135\u0022\/\u003E\n                  \u003Csource srcset=\u0022\/sites\/default\/files\/styles\/teaser_standard__m\/public\/aurora\/2025\/12\/503431.jpeg?itok=lYEOgNYL 1x\u0022 media=\u0022(min-width: 48.0625em) and (max-width: 64em)\u0022 type=\u0022image\/jpeg\u0022 width=\u0022323\u0022 height=\u0022215\u0022\/\u003E\n                  \u003Csource srcset=\u0022\/sites\/default\/files\/styles\/teaser_standard__l\/public\/aurora\/2025\/12\/503431.jpeg?itok=za6c9nLl 1x\u0022 media=\u0022(min-width: 64.0625em)\u0022 type=\u0022image\/jpeg\u0022 width=\u0022203\u0022 height=\u0022135\u0022\/\u003E\n                          \u003Cimg loading=\u0022eager\u0022 data-caption-hide width=\u0022597\u0022 height=\u0022398\u0022 data-zoomed=\u0022https:\/\/www.sbz-online.de\/sites\/default\/files\/styles\/content__zoomed\/public\/aurora\/2025\/12\/503431.jpeg?itok=prEoUVu-\u0022 src=\u0022\/sites\/default\/files\/styles\/teaser_standard__s\/public\/aurora\/2025\/12\/503431.jpeg?itok=QlhoUkuF\u0022 title=\u0022Ein l\u00e4chelnder, t\u00e4towierter Mann in Handtuch und Turban steht vor einer modernen Dusche mit beigen Marmorw\u00e4nden. - \u00a9 HSK Duschkabinenbau\u0022 \/\u003E\n\n    \u003C\/picture\u003E\n      \u003Cfigcaption class=\u0022image--figcaption\u0022\u003E\n          \u003Cdiv class=\u0022copyright\u0022\u003EHSK Duschkabinenbau\u003C\/div\u003E\n          \u003C\/figcaption\u003E\n\u003C\/figure\u003E\n\n\n    \u003C\/div\u003E\n    \u003Cdiv class=\u0022teaser-content\u0022\u003E\n                    \u003Cdiv class=\u0022teaser-content--kicker\u0022\u003E\n                    Badplanung\n        \u003C\/div\u003E\n                                              \n                        \n        \u003Ch4 class=\u0022teaser-content--headline\u0022\u003E\n                                Neue HSK-Kampagne: kalkulierbare \n                              \u003Cspan class=\u0022headline-last-word-arrow\u0022\u003EKom\u00adplett\u00ad-An\u00adge\u00adbo\u00adte                      \u003C\/span\u003E\n        \u003C\/h4\u003E\n            \u003Cdiv class=\u0022teaser-content--publishing-date\u0022\u003E\u003Ctime datetime=\u00222026-01-07T04:00:05Z\u0022\u003E07.01.2026\u003C\/time\u003E\n\u003C\/div\u003E\u003Cspan class=\u0022teaser-content--publishing-date-divider\u0022\u003E - \u003C\/span\u003E\u003Cdiv class=\u0022teaser-content--body\u0022\u003E\u003Cp\u003EDie Duschplatz-Kampagne von HSK Duschkabinenbau will mit vorkonfigurierten Duschplatz-Sets, transparenten Komplett-Preisen und Marketing-Material die Beratung erleichtern und neue Umsatzchancen schaffen.\u003C\/p\u003E\n\u003C\/div\u003E\n                        \u003Cspan class=\u0022read-more-arrow-container\u0022\u003E\n            \u003Cspan class=\u0022read-more-angled-arrow\u0022\u003E \u003C\/span\u003E\n          \u003C\/span\u003E\n                  \u003C\/div\u003E\n    \u003C\/a\u003E\n\u003Ca href=\u0022\/meldungen\/badgestaltung-wedi-freistehende-trennwaende-bis-180-cm\u0022  class=\u0022teaser teaser--standard\u0022 aria-label=\u0022Wedi: frei\u00adste\u00adhen\u00adde Trenn\u00adw\u00e4n\u00adde bis 180\u00a0cm\u0022\u003E\n      \u003Cdiv class=\u0022teaser-content--image\u0022\u003E\n        \u003Cfigure class=\u0022image--figure\u0022\u003E\n        \u003Cpicture\u003E\n                        \u003Csource srcset=\u0022\/sites\/default\/files\/styles\/teaser_standard__m\/public\/aurora\/2025\/12\/503543.jpeg.webp?itok=uwaPqXgO 1x\u0022 media=\u0022(min-width: 48.0625em) and (max-width: 64em)\u0022 type=\u0022image\/webp\u0022 width=\u0022323\u0022 height=\u0022215\u0022\/\u003E\n                  \u003Csource srcset=\u0022\/sites\/default\/files\/styles\/teaser_standard__l\/public\/aurora\/2025\/12\/503543.jpeg.webp?itok=2GIea85g 1x\u0022 media=\u0022(min-width: 64.0625em)\u0022 type=\u0022image\/webp\u0022 width=\u0022203\u0022 height=\u0022135\u0022\/\u003E\n                  \u003Csource srcset=\u0022\/sites\/default\/files\/styles\/teaser_standard__m\/public\/aurora\/2025\/12\/503543.jpeg?itok=5w5MXe01 1x\u0022 media=\u0022(min-width: 48.0625em) and (max-width: 64em)\u0022 type=\u0022image\/jpeg\u0022 width=\u0022323\u0022 height=\u0022215\u0022\/\u003E\n                  \u003Csource srcset=\u0022\/sites\/default\/files\/styles\/teaser_standard__l\/public\/aurora\/2025\/12\/503543.jpeg?itok=yUuhyFYt 1x\u0022 media=\u0022(min-width: 64.0625em)\u0022 type=\u0022image\/jpeg\u0022 width=\u0022203\u0022 height=\u0022135\u0022\/\u003E\n                          \u003Cimg loading=\u0022eager\u0022 data-caption-hide width=\u0022597\u0022 height=\u0022398\u0022 data-zoomed=\u0022https:\/\/www.sbz-online.de\/sites\/default\/files\/styles\/content__zoomed\/public\/aurora\/2025\/12\/503543.jpeg?itok=Ako5DSFt\u0022 src=\u0022\/sites\/default\/files\/styles\/teaser_standard__s\/public\/aurora\/2025\/12\/503543.jpeg?itok=ETW4SNju\u0022 title=\u0022Modernes Badezimmer mit gro\u00dfen Fenstern, Dusche, Badewanne, Doppelwaschbecken und minimalistischem Dekor. - \u00a9 Wedi\u0022 \/\u003E\n\n    \u003C\/picture\u003E\n      \u003Cfigcaption class=\u0022image--figcaption\u0022\u003E\n          \u003Cdiv class=\u0022copyright\u0022\u003EWedi\u003C\/div\u003E\n          \u003C\/figcaption\u003E\n\u003C\/figure\u003E\n\n\n    \u003C\/div\u003E\n    \u003Cdiv class=\u0022teaser-content\u0022\u003E\n                    \u003Cdiv class=\u0022teaser-content--kicker\u0022\u003E\n                    Badgestaltung\n        \u003C\/div\u003E\n                                              \n                        \n        \u003Ch4 class=\u0022teaser-content--headline\u0022\u003E\n                                Wedi: frei\u00adste\u00adhen\u00adde Trenn\u00adw\u00e4n\u00adde bis \n                              \u003Cspan class=\u0022headline-last-word-arrow\u0022\u003E180\u00a0cm                      \u003C\/span\u003E\n        \u003C\/h4\u003E\n            \u003Cdiv class=\u0022teaser-content--publishing-date\u0022\u003E\u003Ctime datetime=\u00222026-01-02T04:00:05Z\u0022\u003E02.01.2026\u003C\/time\u003E\n\u003C\/div\u003E\u003Cspan class=\u0022teaser-content--publishing-date-divider\u0022\u003E - \u003C\/span\u003E\u003Cdiv class=\u0022teaser-content--body\u0022\u003E\u003Cp\u003EWedi bietet freistehende Trennw\u00e4nde f\u00fcr Nassr\u00e4ume an, die bis zu 180\u0026nbsp;cm breit sind und ohne Deckenbefestigung auskommen.\u003C\/p\u003E\n\u003C\/div\u003E\n                        \u003Cspan class=\u0022read-more-arrow-container\u0022\u003E\n            \u003Cspan class=\u0022read-more-angled-arrow\u0022\u003E \u003C\/span\u003E\n          \u003C\/span\u003E\n                  \u003C\/div\u003E\n    \u003C\/a\u003E\n\u003Ca href=\u0022\/bad\/so-klappts-mit-kunden-und-beteiligten-gewerken-im-bad\u0022  class=\u0022teaser teaser--standard\u0022 aria-label=\u0022\ufeffSo klappt\u2019s mit Kunden und beteiligten Gewerken im Bad\u0022\u003E\n      \u003Cdiv class=\u0022teaser-content--image\u0022\u003E\n        \u003Cfigure class=\u0022image--figure\u0022\u003E\n        \u003Cpicture\u003E\n                        \u003Csource srcset=\u0022\/sites\/default\/files\/styles\/teaser_standard__m\/public\/aurora\/2025\/12\/501519.jpeg.webp?itok=e_4oKIOP 1x\u0022 media=\u0022(min-width: 48.0625em) and (max-width: 64em)\u0022 type=\u0022image\/webp\u0022 width=\u0022323\u0022 height=\u0022214\u0022\/\u003E\n                  \u003Csource srcset=\u0022\/sites\/default\/files\/styles\/teaser_standard__l\/public\/aurora\/2025\/12\/501519.jpeg.webp?itok=e7F4ao_X 1x\u0022 media=\u0022(min-width: 64.0625em)\u0022 type=\u0022image\/webp\u0022 width=\u0022203\u0022 height=\u0022135\u0022\/\u003E\n                  \u003Csource srcset=\u0022\/sites\/default\/files\/styles\/teaser_standard__m\/public\/aurora\/2025\/12\/501519.jpeg?itok=IDRbgg5y 1x\u0022 media=\u0022(min-width: 48.0625em) and (max-width: 64em)\u0022 type=\u0022image\/jpeg\u0022 width=\u0022323\u0022 height=\u0022214\u0022\/\u003E\n                  \u003Csource srcset=\u0022\/sites\/default\/files\/styles\/teaser_standard__l\/public\/aurora\/2025\/12\/501519.jpeg?itok=-CqALgLT 1x\u0022 media=\u0022(min-width: 64.0625em)\u0022 type=\u0022image\/jpeg\u0022 width=\u0022203\u0022 height=\u0022135\u0022\/\u003E\n                          \u003Cimg loading=\u0022eager\u0022 data-caption-hide width=\u0022600\u0022 height=\u0022398\u0022 alt=\u0022\ufeffMit Palette CAD hat Kauderer Haustechnik einen kundenorientierten Planungsprozess etabliert.\u00a0Die fotorealistischen Renderings erlauben es , das fertige Bad vor Baubeginn in allen Details zu sehen.\u0022 data-zoomed=\u0022https:\/\/www.sbz-online.de\/sites\/default\/files\/styles\/content__zoomed\/public\/aurora\/2025\/12\/501519.jpeg?itok=HwlzoW0r\u0022 src=\u0022\/sites\/default\/files\/styles\/teaser_standard__s\/public\/aurora\/2025\/12\/501519.jpeg?itok=0ZGNA0wS\u0022 title=\u0022\u00a9 Bild: Kauderer\u0022 \/\u003E\n\n    \u003C\/picture\u003E\n      \u003Cfigcaption class=\u0022image--figcaption\u0022\u003E\n          \u003Cdiv class=\u0022copyright\u0022\u003EBild: Kauderer\u003C\/div\u003E\n          \u003C\/figcaption\u003E\n\u003C\/figure\u003E\n\n\n    \u003C\/div\u003E\n    \u003Cdiv class=\u0022teaser-content\u0022\u003E\n                    \u003Cdiv class=\u0022teaser-content--kicker\u0022\u003E\n                    \n        \u003C\/div\u003E\n                                              \n                        \n        \u003Ch4 class=\u0022teaser-content--headline\u0022\u003E\n                                \ufeffSo klappt\u2019s mit Kunden und beteiligten Gewerken im \n                              \u003Cspan class=\u0022headline-last-word-arrow\u0022\u003EBad              \u003Cspan\n                  class=\u0022permission-lock permission-lock-icon--lock\u0022\u003E\u003C\/span\u003E\n                                  \u003C\/span\u003E\n        \u003C\/h4\u003E\n            \u003Cdiv class=\u0022teaser-content--publishing-date\u0022\u003E\u003Ctime datetime=\u00222025-12-17T15:00:13Z\u0022\u003E17.12.2025\u003C\/time\u003E\n\u003C\/div\u003E\u003Cspan class=\u0022teaser-content--publishing-date-divider\u0022\u003E - \u003C\/span\u003E\u003Cdiv class=\u0022teaser-content--body\u0022\u003E\u003Cp\u003EKauderer Haustechnik hat hinter den Badverkauf einen durchdachten Prozess gelegt. Der Artikel zeigt, wie das Unternehmen mithilfe moderner 3D-Visualisierungen und effizienter Projektplanung Kundenw\u00fcnsche realisiert, die Zusammenarbeit mit Gewerken optimiert und die Kundenzufriedenheit steigert.\u003C\/p\u003E\n\u003C\/div\u003E\n                        \u003Cspan class=\u0022read-more-arrow-container\u0022\u003E\n            \u003Cspan class=\u0022read-more-angled-arrow\u0022\u003E \u003C\/span\u003E\n          \u003C\/span\u003E\n                  \u003C\/div\u003E\n    \u003C\/a\u003E\n\u003Ca href=\u0022\/bad\/worauf-es-bei-planung-und-montage-von-wcs-ankommt\u0022  class=\u0022teaser teaser--standard\u0022 aria-label=\u0022Worauf es bei Planung und Montage von WCs ankommt\u0022\u003E\n      \u003Cdiv class=\u0022teaser-content--image\u0022\u003E\n        \u003Cfigure class=\u0022image--figure\u0022\u003E\n        \u003Cpicture\u003E\n                        \u003Csource srcset=\u0022\/sites\/default\/files\/styles\/teaser_standard__m\/public\/aurora\/2025\/12\/501507.jpeg.webp?itok=J3QvWHxf 1x\u0022 media=\u0022(min-width: 48.0625em) and (max-width: 64em)\u0022 type=\u0022image\/webp\u0022 width=\u0022182\u0022 height=\u0022242\u0022\/\u003E\n                  \u003Csource srcset=\u0022\/sites\/default\/files\/styles\/teaser_standard__l\/public\/aurora\/2025\/12\/501507.jpeg.webp?itok=EoXbEt1V 1x\u0022 media=\u0022(min-width: 64.0625em)\u0022 type=\u0022image\/webp\u0022 width=\u0022115\u0022 height=\u0022152\u0022\/\u003E\n                  \u003Csource srcset=\u0022\/sites\/default\/files\/styles\/teaser_standard__m\/public\/aurora\/2025\/12\/501507.jpeg?itok=Kq5nv_FQ 1x\u0022 media=\u0022(min-width: 48.0625em) and (max-width: 64em)\u0022 type=\u0022image\/jpeg\u0022 width=\u0022182\u0022 height=\u0022242\u0022\/\u003E\n                  \u003Csource srcset=\u0022\/sites\/default\/files\/styles\/teaser_standard__l\/public\/aurora\/2025\/12\/501507.jpeg?itok=S4KttABd 1x\u0022 media=\u0022(min-width: 64.0625em)\u0022 type=\u0022image\/jpeg\u0022 width=\u0022115\u0022 height=\u0022152\u0022\/\u003E\n                          \u003Cimg loading=\u0022eager\u0022 data-caption-hide width=\u0022300\u0022 height=\u0022398\u0022 alt=\u0022\ufeffPraktische Zusatzfunktion: Orientierungslichter im WC schaffen Orientierung im dunklen Raum und weisen nachts den Weg ohne blendendes Licht.\u0022 data-zoomed=\u0022https:\/\/www.sbz-online.de\/sites\/default\/files\/styles\/content__zoomed\/public\/aurora\/2025\/12\/501507.jpeg?itok=4-WLaM7U\u0022 src=\u0022\/sites\/default\/files\/styles\/teaser_standard__s\/public\/aurora\/2025\/12\/501507.jpeg?itok=X_UXBDS9\u0022 title=\u0022\u00a9 Bild: Geberit\u0022 \/\u003E\n\n    \u003C\/picture\u003E\n      \u003Cfigcaption class=\u0022image--figcaption\u0022\u003E\n          \u003Cdiv class=\u0022copyright\u0022\u003EBild: Geberit\u003C\/div\u003E\n          \u003C\/figcaption\u003E\n\u003C\/figure\u003E\n\n\n    \u003C\/div\u003E\n    \u003Cdiv class=\u0022teaser-content\u0022\u003E\n                    \u003Cdiv class=\u0022teaser-content--kicker\u0022\u003E\n                    \n        \u003C\/div\u003E\n                                              \n                        \n        \u003Ch4 class=\u0022teaser-content--headline\u0022\u003E\n                                Worauf es bei Planung und Montage von WCs \n                              \u003Cspan class=\u0022headline-last-word-arrow\u0022\u003Eankommt              \u003Cspan\n                  class=\u0022permission-lock permission-lock-icon--lock\u0022\u003E\u003C\/span\u003E\n                                  \u003C\/span\u003E\n        \u003C\/h4\u003E\n            \u003Cdiv class=\u0022teaser-content--publishing-date\u0022\u003E\u003Ctime datetime=\u00222025-12-17T15:00:12Z\u0022\u003E17.12.2025\u003C\/time\u003E\n\u003C\/div\u003E\u003Cspan class=\u0022teaser-content--publishing-date-divider\u0022\u003E - \u003C\/span\u003E\u003Cdiv class=\u0022teaser-content--body\u0022\u003E\u003Cp\u003EDer WC-Platz kann mehr: Bei der Auswahl der WC-Keramik entscheidet heute nicht nur die Optik, sondern auch Komfort, Hygiene und einfache Montage. Der Beitrag erl\u00e4utert moderne WC-Systeme, zeigt innovative Funktionen wie Duschm\u00f6glichkeit und Geruchsabsaugung und stellt intelligente Sp\u00fcltechnik vor. Damit l\u00e4sst sich bei Kunden und Installateuren punkten, sagt Ramona H\u00e4berle.\u003C\/p\u003E\n\u003C\/div\u003E\n                        \u003Cspan class=\u0022read-more-arrow-container\u0022\u003E\n            \u003Cspan class=\u0022read-more-angled-arrow\u0022\u003E \u003C\/span\u003E\n          \u003C\/span\u003E\n                  \u003C\/div\u003E\n    \u003C\/a\u003E\n\u003Ca href=\u0022\/produkte\/hsk-duschkabinenbau-duschwanne-auf-mass-gefertigt\u0022  class=\u0022teaser teaser--standard\u0022 aria-label=\u0022Duschwanne auf Ma\u00df gefertigt\r\u0022\u003E\n      \u003Cdiv class=\u0022teaser-content--image\u0022\u003E\n        \u003Cfigure class=\u0022image--figure\u0022\u003E\n        \u003Cpicture\u003E\n                        \u003Csource srcset=\u0022\/sites\/default\/files\/styles\/teaser_standard__m\/public\/aurora\/2025\/12\/501846.jpeg.webp?itok=hBUiersh 1x\u0022 media=\u0022(min-width: 48.0625em) and (max-width: 64em)\u0022 type=\u0022image\/webp\u0022 width=\u0022173\u0022 height=\u0022242\u0022\/\u003E\n                  \u003Csource srcset=\u0022\/sites\/default\/files\/styles\/teaser_standard__l\/public\/aurora\/2025\/12\/501846.jpeg.webp?itok=Xi-kJEUY 1x\u0022 media=\u0022(min-width: 64.0625em)\u0022 type=\u0022image\/webp\u0022 width=\u0022109\u0022 height=\u0022152\u0022\/\u003E\n                  \u003Csource srcset=\u0022\/sites\/default\/files\/styles\/teaser_standard__m\/public\/aurora\/2025\/12\/501846.jpeg?itok=rAoQRKVW 1x\u0022 media=\u0022(min-width: 48.0625em) and (max-width: 64em)\u0022 type=\u0022image\/jpeg\u0022 width=\u0022173\u0022 height=\u0022242\u0022\/\u003E\n                  \u003Csource srcset=\u0022\/sites\/default\/files\/styles\/teaser_standard__l\/public\/aurora\/2025\/12\/501846.jpeg?itok=U8YcZb_g 1x\u0022 media=\u0022(min-width: 64.0625em)\u0022 type=\u0022image\/jpeg\u0022 width=\u0022109\u0022 height=\u0022152\u0022\/\u003E\n                          \u003Cimg loading=\u0022eager\u0022 data-caption-hide width=\u0022285\u0022 height=\u0022398\u0022 data-zoomed=\u0022https:\/\/www.sbz-online.de\/sites\/default\/files\/styles\/content__zoomed\/public\/aurora\/2025\/12\/501846.jpeg?itok=8kFhhLOP\u0022 src=\u0022\/sites\/default\/files\/styles\/teaser_standard__s\/public\/aurora\/2025\/12\/501846.jpeg?itok=iGcuKu0i\u0022 title=\u0022Nahaufnahme einer modernen schwarzen Duschwanne mit strukturierter Oberfl\u00e4che und einer mit Steinmustern versehenen Wand im Hintergrund. - \u00a9 Bild: HSK Duschkabinenbau\u0022 \/\u003E\n\n    \u003C\/picture\u003E\n      \u003Cfigcaption class=\u0022image--figcaption\u0022\u003E\n          \u003Cdiv class=\u0022copyright\u0022\u003EBild: HSK Duschkabinenbau\u003C\/div\u003E\n          \u003C\/figcaption\u003E\n\u003C\/figure\u003E\n\n\n    \u003C\/div\u003E\n    \u003Cdiv class=\u0022teaser-content\u0022\u003E\n                    \u003Cdiv class=\u0022teaser-content--kicker\u0022\u003E\n                    HSK Duschkabinenbau\n        \u003C\/div\u003E\n                                              \n                        \n        \u003Ch4 class=\u0022teaser-content--headline\u0022\u003E\n                                Duschwanne auf Ma\u00df \n                              \u003Cspan class=\u0022headline-last-word-arrow\u0022\u003Egefertigt                      \u003C\/span\u003E\n        \u003C\/h4\u003E\n            \u003Cdiv class=\u0022teaser-content--publishing-date\u0022\u003E\u003Ctime datetime=\u00222025-12-17T15:00:10Z\u0022\u003E17.12.2025\u003C\/time\u003E\n\u003C\/div\u003E\u003Cspan class=\u0022teaser-content--publishing-date-divider\u0022\u003E - \u003C\/span\u003E\u003Cdiv class=\u0022teaser-content--body\u0022\u003E  \u003Cp\u003EDie Reta-Duschwanne von HSK Duschkabinenbau ist eine Duschwanne aus Marmor-Polymer mit flacher Bauweise. Sie ist f\u00fcr bodengleichen oder leicht erh\u00f6hten Einbau vorgesehen und steht in mehreren Abmessungen und Farben zur Verf\u00fcgung. Die Oberfl\u00e4che ist strukturiert und in Steinoptik gehalten. Das...\u003C\/p\u003E\n\n\n\u003C\/div\u003E\n                        \u003Cspan class=\u0022read-more-arrow-container\u0022\u003E\n            \u003Cspan class=\u0022read-more-angled-arrow\u0022\u003E \u003C\/span\u003E\n          \u003C\/span\u003E\n                  \u003C\/div\u003E\n    \u003C\/a\u003E\n\u003Ca href=\u0022\/produkte\/burgbad-fronten-vertikal-strukturiert\u0022  class=\u0022teaser teaser--standard\u0022 aria-label=\u0022Fronten vertikal strukturiert\r\u0022\u003E\n      \u003Cdiv class=\u0022teaser-content--image\u0022\u003E\n        \u003Cfigure class=\u0022image--figure\u0022\u003E\n        \u003Cpicture\u003E\n                        \u003Csource srcset=\u0022\/sites\/default\/files\/styles\/teaser_standard__m\/public\/aurora\/2025\/12\/501837.jpeg.webp?itok=ciPfgfcq 1x\u0022 media=\u0022(min-width: 48.0625em) and (max-width: 64em)\u0022 type=\u0022image\/webp\u0022 width=\u0022274\u0022 height=\u0022242\u0022\/\u003E\n                  \u003Csource srcset=\u0022\/sites\/default\/files\/styles\/teaser_standard__l\/public\/aurora\/2025\/12\/501837.jpeg.webp?itok=EYF8i4Qw 1x\u0022 media=\u0022(min-width: 64.0625em)\u0022 type=\u0022image\/webp\u0022 width=\u0022172\u0022 height=\u0022152\u0022\/\u003E\n                  \u003Csource srcset=\u0022\/sites\/default\/files\/styles\/teaser_standard__m\/public\/aurora\/2025\/12\/501837.jpeg?itok=nhu6OxbO 1x\u0022 media=\u0022(min-width: 48.0625em) and (max-width: 64em)\u0022 type=\u0022image\/jpeg\u0022 width=\u0022274\u0022 height=\u0022242\u0022\/\u003E\n                  \u003Csource srcset=\u0022\/sites\/default\/files\/styles\/teaser_standard__l\/public\/aurora\/2025\/12\/501837.jpeg?itok=UEFSIBHc 1x\u0022 media=\u0022(min-width: 64.0625em)\u0022 type=\u0022image\/jpeg\u0022 width=\u0022172\u0022 height=\u0022152\u0022\/\u003E\n                          \u003Cimg loading=\u0022eager\u0022 data-caption-hide width=\u0022450\u0022 height=\u0022398\u0022 data-zoomed=\u0022https:\/\/www.sbz-online.de\/sites\/default\/files\/styles\/content__zoomed\/public\/aurora\/2025\/12\/501837.jpeg?itok=msgBtd1Z\u0022 src=\u0022\/sites\/default\/files\/styles\/teaser_standard__s\/public\/aurora\/2025\/12\/501837.jpeg?itok=SDVSm0vO\u0022 title=\u0022Modernes Waschbecken im Badezimmer mit wei\u00dfem Becken, blauer Platte und Toilettenartikeln auf einem gesprenkelten Wandhintergrund. - \u00a9 Bild: Burgbad\u0022 \/\u003E\n\n    \u003C\/picture\u003E\n      \u003Cfigcaption class=\u0022image--figcaption\u0022\u003E\n          \u003Cdiv class=\u0022copyright\u0022\u003EBild: Burgbad\u003C\/div\u003E\n          \u003C\/figcaption\u003E\n\u003C\/figure\u003E\n\n\n    \u003C\/div\u003E\n    \u003Cdiv class=\u0022teaser-content\u0022\u003E\n                    \u003Cdiv class=\u0022teaser-content--kicker\u0022\u003E\n                    Burgbad\n        \u003C\/div\u003E\n                                              \n                        \n        \u003Ch4 class=\u0022teaser-content--headline\u0022\u003E\n                                Fronten vertikal \n                              \u003Cspan class=\u0022headline-last-word-arrow\u0022\u003Estrukturiert                      \u003C\/span\u003E\n        \u003C\/h4\u003E\n            \u003Cdiv class=\u0022teaser-content--publishing-date\u0022\u003E\u003Ctime datetime=\u00222025-12-17T15:00:09Z\u0022\u003E17.12.2025\u003C\/time\u003E\n\u003C\/div\u003E\u003Cspan class=\u0022teaser-content--publishing-date-divider\u0022\u003E - \u003C\/span\u003E\u003Cdiv class=\u0022teaser-content--body\u0022\u003E  \u003Cp\u003EDie Serie Fiumo 2.0 von Burgbad umfasst Badm\u00f6bel mit modularen Gestaltungsm\u00f6glichkeiten. Sie ist als Weiterentwicklung der fr\u00fcheren Fiumo-Modelle konzipiert und bietet unterschiedliche Kombinationen aus Waschtischen, Unterschr\u00e4nken, Spiegeln und weiteren Staurauml\u00f6sungen. Die Fronten der M\u00f6bel sind...\u003C\/p\u003E\n\n\n\u003C\/div\u003E\n                        \u003Cspan class=\u0022read-more-arrow-container\u0022\u003E\n            \u003Cspan class=\u0022read-more-angled-arrow\u0022\u003E \u003C\/span\u003E\n          \u003C\/span\u003E\n                  \u003C\/div\u003E\n    \u003C\/a\u003E\n\u003Ca href=\u0022\/produkte\/villeroy-boch-es-muss-nicht-ganz-rund-sein\u0022  class=\u0022teaser teaser--standard\u0022 aria-label=\u0022Es muss nicht ganz rund sein\r\u0022\u003E\n      \u003Cdiv class=\u0022teaser-content--image\u0022\u003E\n        \u003Cfigure class=\u0022image--figure\u0022\u003E\n        \u003Cpicture\u003E\n                        \u003Csource srcset=\u0022\/sites\/default\/files\/styles\/teaser_standard__m\/public\/aurora\/2025\/12\/501840.jpeg.webp?itok=4bVxBgB3 1x\u0022 media=\u0022(min-width: 48.0625em) and (max-width: 64em)\u0022 type=\u0022image\/webp\u0022 width=\u0022242\u0022 height=\u0022242\u0022\/\u003E\n                  \u003Csource srcset=\u0022\/sites\/default\/files\/styles\/teaser_standard__l\/public\/aurora\/2025\/12\/501840.jpeg.webp?itok=e0n4RY9b 1x\u0022 media=\u0022(min-width: 64.0625em)\u0022 type=\u0022image\/webp\u0022 width=\u0022152\u0022 height=\u0022152\u0022\/\u003E\n                  \u003Csource srcset=\u0022\/sites\/default\/files\/styles\/teaser_standard__m\/public\/aurora\/2025\/12\/501840.jpeg?itok=9h5wIX4d 1x\u0022 media=\u0022(min-width: 48.0625em) and (max-width: 64em)\u0022 type=\u0022image\/jpeg\u0022 width=\u0022242\u0022 height=\u0022242\u0022\/\u003E\n                  \u003Csource srcset=\u0022\/sites\/default\/files\/styles\/teaser_standard__l\/public\/aurora\/2025\/12\/501840.jpeg?itok=0Vz3_MO3 1x\u0022 media=\u0022(min-width: 64.0625em)\u0022 type=\u0022image\/jpeg\u0022 width=\u0022152\u0022 height=\u0022152\u0022\/\u003E\n                          \u003Cimg loading=\u0022eager\u0022 data-caption-hide width=\u0022398\u0022 height=\u0022398\u0022 data-zoomed=\u0022https:\/\/www.sbz-online.de\/sites\/default\/files\/styles\/content__zoomed\/public\/aurora\/2025\/12\/501840.jpeg?itok=2YSWO5ey\u0022 src=\u0022\/sites\/default\/files\/styles\/teaser_standard__s\/public\/aurora\/2025\/12\/501840.jpeg?itok=ou2Aa9Tm\u0022 title=\u0022Modernes wei\u00dfes Waschbecken mit geometrischem Design, Wasserhahn, Toilettenartikeln und gerollten Handt\u00fcchern auf einer Arbeitsplatte aus Stein. - \u00a9 Bild: Villeroy  \u0026amp;  Boch\u0022 \/\u003E\n\n    \u003C\/picture\u003E\n      \u003Cfigcaption class=\u0022image--figcaption\u0022\u003E\n          \u003Cdiv class=\u0022copyright\u0022\u003EBild: Villeroy  \u0026  Boch\u003C\/div\u003E\n          \u003C\/figcaption\u003E\n\u003C\/figure\u003E\n\n\n    \u003C\/div\u003E\n    \u003Cdiv class=\u0022teaser-content\u0022\u003E\n                    \u003Cdiv class=\u0022teaser-content--kicker\u0022\u003E\n                    Villeroy \u0026amp; Boch\n        \u003C\/div\u003E\n                                              \n                        \n        \u003Ch4 class=\u0022teaser-content--headline\u0022\u003E\n                                Es muss nicht ganz rund \n                              \u003Cspan class=\u0022headline-last-word-arrow\u0022\u003Esein                      \u003C\/span\u003E\n        \u003C\/h4\u003E\n            \u003Cdiv class=\u0022teaser-content--publishing-date\u0022\u003E\u003Ctime datetime=\u00222025-12-17T15:00:09Z\u0022\u003E17.12.2025\u003C\/time\u003E\n\u003C\/div\u003E\u003Cspan class=\u0022teaser-content--publishing-date-divider\u0022\u003E - \u003C\/span\u003E\u003Cdiv class=\u0022teaser-content--body\u0022\u003E  \u003Cp\u003EVilleroy \u0026amp; Boch bietet mit der Serie Octagon eine Linie von Badkeramik an, die ein achteckiger Beckenboden auszeichnet. Die Serie umfasst Aufsatz- und Standwaschbecken, darunter Modelle mit S\u00e4ule, die auf unterschiedlichen Oberfl\u00e4chen wie Holz, Lederoptik oder Stein furniert erh\u00e4ltlich sind...\u003C\/p\u003E\n\n\n\u003C\/div\u003E\n                        \u003Cspan class=\u0022read-more-arrow-container\u0022\u003E\n            \u003Cspan class=\u0022read-more-angled-arrow\u0022\u003E \u003C\/span\u003E\n          \u003C\/span\u003E\n                  \u003C\/div\u003E\n    \u003C\/a\u003E\n\u003Ca href=\u0022\/produkte\/bette-flach-flacher-ultraflach\u0022  class=\u0022teaser teaser--standard\u0022 aria-label=\u0022Flach, flacher, ultraflach\r\u0022\u003E\n      \u003Cdiv class=\u0022teaser-content--image\u0022\u003E\n        \u003Cfigure class=\u0022image--figure\u0022\u003E\n        \u003Cpicture\u003E\n                        \u003Csource srcset=\u0022\/sites\/default\/files\/styles\/teaser_standard__m\/public\/aurora\/2025\/12\/501842.jpeg.webp?itok=9fRAhGWK 1x\u0022 media=\u0022(min-width: 48.0625em) and (max-width: 64em)\u0022 type=\u0022image\/webp\u0022 width=\u0022235\u0022 height=\u0022242\u0022\/\u003E\n                  \u003Csource srcset=\u0022\/sites\/default\/files\/styles\/teaser_standard__l\/public\/aurora\/2025\/12\/501842.jpeg.webp?itok=8FBIM8qk 1x\u0022 media=\u0022(min-width: 64.0625em)\u0022 type=\u0022image\/webp\u0022 width=\u0022147\u0022 height=\u0022152\u0022\/\u003E\n                  \u003Csource srcset=\u0022\/sites\/default\/files\/styles\/teaser_standard__m\/public\/aurora\/2025\/12\/501842.jpeg?itok=zVx7fabU 1x\u0022 media=\u0022(min-width: 48.0625em) and (max-width: 64em)\u0022 type=\u0022image\/jpeg\u0022 width=\u0022235\u0022 height=\u0022242\u0022\/\u003E\n                  \u003Csource srcset=\u0022\/sites\/default\/files\/styles\/teaser_standard__l\/public\/aurora\/2025\/12\/501842.jpeg?itok=-JEtBWhF 1x\u0022 media=\u0022(min-width: 64.0625em)\u0022 type=\u0022image\/jpeg\u0022 width=\u0022147\u0022 height=\u0022152\u0022\/\u003E\n                          \u003Cimg loading=\u0022eager\u0022 data-caption-hide width=\u0022386\u0022 height=\u0022398\u0022 data-zoomed=\u0022https:\/\/www.sbz-online.de\/sites\/default\/files\/styles\/content__zoomed\/public\/aurora\/2025\/12\/501842.jpeg?itok=R8PR7JQD\u0022 src=\u0022\/sites\/default\/files\/styles\/teaser_standard__s\/public\/aurora\/2025\/12\/501842.jpeg?itok=Bs38Q5Ld\u0022 title=\u0022Minimalistische Dusche mit wei\u00dfem Boden, Glastrennwand, rot gefliester Wand und Terrazzoboden. - \u00a9 Bild: Bette\u0022 \/\u003E\n\n    \u003C\/picture\u003E\n      \u003Cfigcaption class=\u0022image--figcaption\u0022\u003E\n          \u003Cdiv class=\u0022copyright\u0022\u003EBild: Bette\u003C\/div\u003E\n          \u003C\/figcaption\u003E\n\u003C\/figure\u003E\n\n\n    \u003C\/div\u003E\n    \u003Cdiv class=\u0022teaser-content\u0022\u003E\n                    \u003Cdiv class=\u0022teaser-content--kicker\u0022\u003E\n                    Bette\n        \u003C\/div\u003E\n                                              \n                        \n        \u003Ch4 class=\u0022teaser-content--headline\u0022\u003E\n                                Flach, flacher, \n                              \u003Cspan class=\u0022headline-last-word-arrow\u0022\u003Eultraflach                      \u003C\/span\u003E\n        \u003C\/h4\u003E\n            \u003Cdiv class=\u0022teaser-content--publishing-date\u0022\u003E\u003Ctime datetime=\u00222025-12-17T15:00:09Z\u0022\u003E17.12.2025\u003C\/time\u003E\n\u003C\/div\u003E\u003Cspan class=\u0022teaser-content--publishing-date-divider\u0022\u003E - \u003C\/span\u003E\u003Cdiv class=\u0022teaser-content--body\u0022\u003E  \u003Cp\u003EDie \u201eBetteUltra Space\u201c ist eine Duschwanne des Herstellers Bette, die mit einer Bauh\u00f6he von 15 mm ausgef\u00fchrt ist. Sie besteht aus glasiertem Titan-Stahl und l\u00e4sst sich bodengleich, nahezu bodengleich oder leicht erh\u00f6ht einbauen. Die Wanne ist in verschiedenen Gr\u00f6\u00dfen und Farben erh\u00e4ltlich. Der Ablauf...\u003C\/p\u003E\n\n\n\u003C\/div\u003E\n                        \u003Cspan class=\u0022read-more-arrow-container\u0022\u003E\n            \u003Cspan class=\u0022read-more-angled-arrow\u0022\u003E \u003C\/span\u003E\n          \u003C\/span\u003E\n                  \u003C\/div\u003E\n    \u003C\/a\u003E\n\u003Ca href=\u0022\/produkte\/kaldewei-duschflaeche-mit-recyceltem-kern\u0022  class=\u0022teaser teaser--standard\u0022 aria-label=\u0022Duschfl\u00e4che mit recyceltem Kern\r\u0022\u003E\n      \u003Cdiv class=\u0022teaser-content--image\u0022\u003E\n        \u003Cfigure class=\u0022image--figure\u0022\u003E\n        \u003Cpicture\u003E\n                        \u003Csource srcset=\u0022\/sites\/default\/files\/styles\/teaser_standard__m\/public\/aurora\/2025\/12\/501844.jpeg.webp?itok=BQnlm8Z3 1x\u0022 media=\u0022(min-width: 48.0625em) and (max-width: 64em)\u0022 type=\u0022image\/webp\u0022 width=\u0022181\u0022 height=\u0022242\u0022\/\u003E\n                  \u003Csource srcset=\u0022\/sites\/default\/files\/styles\/teaser_standard__l\/public\/aurora\/2025\/12\/501844.jpeg.webp?itok=Kj1xZnYi 1x\u0022 media=\u0022(min-width: 64.0625em)\u0022 type=\u0022image\/webp\u0022 width=\u0022114\u0022 height=\u0022152\u0022\/\u003E\n                  \u003Csource srcset=\u0022\/sites\/default\/files\/styles\/teaser_standard__m\/public\/aurora\/2025\/12\/501844.jpeg?itok=J0X4KnN7 1x\u0022 media=\u0022(min-width: 48.0625em) and (max-width: 64em)\u0022 type=\u0022image\/jpeg\u0022 width=\u0022181\u0022 height=\u0022242\u0022\/\u003E\n                  \u003Csource srcset=\u0022\/sites\/default\/files\/styles\/teaser_standard__l\/public\/aurora\/2025\/12\/501844.jpeg?itok=Nm_xYozs 1x\u0022 media=\u0022(min-width: 64.0625em)\u0022 type=\u0022image\/jpeg\u0022 width=\u0022114\u0022 height=\u0022152\u0022\/\u003E\n                          \u003Cimg loading=\u0022eager\u0022 data-caption-hide width=\u0022298\u0022 height=\u0022398\u0022 data-zoomed=\u0022https:\/\/www.sbz-online.de\/sites\/default\/files\/styles\/content__zoomed\/public\/aurora\/2025\/12\/501844.jpeg?itok=tFUUvoGc\u0022 src=\u0022\/sites\/default\/files\/styles\/teaser_standard__s\/public\/aurora\/2025\/12\/501844.jpeg?itok=Xph51rNB\u0022 title=\u0022Minimalistische Dusche mit beigen Steinw\u00e4nden, goldenen Armaturen, Glast\u00fcren und einer wei\u00dfen Duschwanne. - \u00a9 Bild: Kaldewei\u0022 \/\u003E\n\n    \u003C\/picture\u003E\n      \u003Cfigcaption class=\u0022image--figcaption\u0022\u003E\n          \u003Cdiv class=\u0022copyright\u0022\u003EBild: Kaldewei\u003C\/div\u003E\n          \u003C\/figcaption\u003E\n\u003C\/figure\u003E\n\n\n    \u003C\/div\u003E\n    \u003Cdiv class=\u0022teaser-content\u0022\u003E\n                    \u003Cdiv class=\u0022teaser-content--kicker\u0022\u003E\n                    Kaldewei\n        \u003C\/div\u003E\n                                              \n                        \n        \u003Ch4 class=\u0022teaser-content--headline\u0022\u003E\n                                Duschfl\u00e4che mit recyceltem \n                              \u003Cspan class=\u0022headline-last-word-arrow\u0022\u003EKern                      \u003C\/span\u003E\n        \u003C\/h4\u003E\n            \u003Cdiv class=\u0022teaser-content--publishing-date\u0022\u003E\u003Ctime datetime=\u00222025-12-17T15:00:09Z\u0022\u003E17.12.2025\u003C\/time\u003E\n\u003C\/div\u003E\u003Cspan class=\u0022teaser-content--publishing-date-divider\u0022\u003E - \u003C\/span\u003E\u003Cdiv class=\u0022teaser-content--body\u0022\u003E  \u003Cp\u003EMit Solidlite stellt Kaldewei eine Duschfl\u00e4chentechnologie vor, die auf einem Verbundmaterial mit recyceltem Glaskern basiert. Die Konstruktion erm\u00f6glicht eine reduzierte Materialst\u00e4rke und ein geringeres Gewicht im Vergleich zu herk\u00f6mmlichen L\u00f6sungen. Solidlite-Duschfl\u00e4chen sind formstabil...\u003C\/p\u003E\n\n\n\u003C\/div\u003E\n                        \u003Cspan class=\u0022read-more-arrow-container\u0022\u003E\n            \u003Cspan class=\u0022read-more-angled-arrow\u0022\u003E \u003C\/span\u003E\n          \u003C\/span\u003E\n                  \u003C\/div\u003E\n    \u003C\/a\u003E\n\u003Ca href=\u0022\/produkte\/roth-werke-waerme-einfach-aus-der-wand\u0022  class=\u0022teaser teaser--standard\u0022 aria-label=\u0022W\u00e4rme einfach aus der Wand\r\u0022\u003E\n      \u003Cdiv class=\u0022teaser-content--image\u0022\u003E\n        \u003Cfigure class=\u0022image--figure\u0022\u003E\n        \u003Cpicture\u003E\n                        \u003Csource srcset=\u0022\/sites\/default\/files\/styles\/teaser_standard__m\/public\/aurora\/2025\/12\/501848.jpeg.webp?itok=1rxdAVU8 1x\u0022 media=\u0022(min-width: 48.0625em) and (max-width: 64em)\u0022 type=\u0022image\/webp\u0022 width=\u0022323\u0022 height=\u0022215\u0022\/\u003E\n                  \u003Csource srcset=\u0022\/sites\/default\/files\/styles\/teaser_standard__l\/public\/aurora\/2025\/12\/501848.jpeg.webp?itok=vk3BhlIw 1x\u0022 media=\u0022(min-width: 64.0625em)\u0022 type=\u0022image\/webp\u0022 width=\u0022203\u0022 height=\u0022135\u0022\/\u003E\n                  \u003Csource srcset=\u0022\/sites\/default\/files\/styles\/teaser_standard__m\/public\/aurora\/2025\/12\/501848.jpeg?itok=NkM4sJnw 1x\u0022 media=\u0022(min-width: 48.0625em) and (max-width: 64em)\u0022 type=\u0022image\/jpeg\u0022 width=\u0022323\u0022 height=\u0022215\u0022\/\u003E\n                  \u003Csource srcset=\u0022\/sites\/default\/files\/styles\/teaser_standard__l\/public\/aurora\/2025\/12\/501848.jpeg?itok=LTepos7- 1x\u0022 media=\u0022(min-width: 64.0625em)\u0022 type=\u0022image\/jpeg\u0022 width=\u0022203\u0022 height=\u0022135\u0022\/\u003E\n                          \u003Cimg loading=\u0022eager\u0022 data-caption-hide width=\u0022597\u0022 height=\u0022398\u0022 data-zoomed=\u0022https:\/\/www.sbz-online.de\/sites\/default\/files\/styles\/content__zoomed\/public\/aurora\/2025\/12\/501848.jpeg?itok=6Ds8oi8b\u0022 src=\u0022\/sites\/default\/files\/styles\/teaser_standard__s\/public\/aurora\/2025\/12\/501848.jpeg?itok=y_MJJiwR\u0022 title=\u0022Moderne Dusche mit farbiger W\u00e4rmekarte mit zwei gro\u00dfen beheizten Zonen an der Duschwand in einem eleganten Badezimmer. - \u00a9 Bild: Roth Werke\u0022 \/\u003E\n\n    \u003C\/picture\u003E\n      \u003Cfigcaption class=\u0022image--figcaption\u0022\u003E\n          \u003Cdiv class=\u0022copyright\u0022\u003EBild: Roth Werke\u003C\/div\u003E\n          \u003C\/figcaption\u003E\n\u003C\/figure\u003E\n\n\n    \u003C\/div\u003E\n    \u003Cdiv class=\u0022teaser-content\u0022\u003E\n                    \u003Cdiv class=\u0022teaser-content--kicker\u0022\u003E\n                    Roth Werke\n        \u003C\/div\u003E\n                                              \n                        \n        \u003Ch4 class=\u0022teaser-content--headline\u0022\u003E\n                                W\u00e4rme einfach aus der \n                              \u003Cspan class=\u0022headline-last-word-arrow\u0022\u003EWand                      \u003C\/span\u003E\n        \u003C\/h4\u003E\n            \u003Cdiv class=\u0022teaser-content--publishing-date\u0022\u003E\u003Ctime datetime=\u00222025-12-17T15:00:06Z\u0022\u003E17.12.2025\u003C\/time\u003E\n\u003C\/div\u003E\u003Cspan class=\u0022teaser-content--publishing-date-divider\u0022\u003E - \u003C\/span\u003E\u003Cdiv class=\u0022teaser-content--body\u0022\u003E  \u003Cp\u003EDas E\u2011Vipanel von Roth Werke ist ein elektrisch beheizbares Wandverkleidungssystem. Die Platten bestehen aus Aluminiumverbund und verf\u00fcgen \u00fcber eine integrierte Niederspannungs-Heizeinheit, die eine Leistung von bis zu 470\u202fW pro Element liefert. Die Abmessungen betragen je nach Variante 2550 \u00d7 1000...\u003C\/p\u003E\n\n\n\u003C\/div\u003E\n                        \u003Cspan class=\u0022read-more-arrow-container\u0022\u003E\n            \u003Cspan class=\u0022read-more-angled-arrow\u0022\u003E \u003C\/span\u003E\n          \u003C\/span\u003E\n                  \u003C\/div\u003E\n    \u003C\/a\u003E\n\u003Ca href=\u0022\/meldungen\/abgesteckt-systeme-fuer-shk-profis-stroemungsoptimiert-leicht-sensorbasiert\u0022  class=\u0022teaser teaser--standard\u0022 aria-label=\u0022Systeme f\u00fcr SHK-Profis: str\u00f6\u00admungs\u00adopti\u00admiert, leicht, sen\u00adsor\u00adbasiert\u0022\u003E\n      \u003Cdiv class=\u0022teaser-content--image\u0022\u003E\n        \u003Cfigure class=\u0022image--figure\u0022\u003E\n        \u003Cpicture\u003E\n                        \u003Csource srcset=\u0022\/sites\/default\/files\/styles\/teaser_standard__m\/public\/aurora\/2025\/12\/503220.jpeg.webp?itok=51KlENKo 1x\u0022 media=\u0022(min-width: 48.0625em) and (max-width: 64em)\u0022 type=\u0022image\/webp\u0022 width=\u0022323\u0022 height=\u0022215\u0022\/\u003E\n                  \u003Csource srcset=\u0022\/sites\/default\/files\/styles\/teaser_standard__l\/public\/aurora\/2025\/12\/503220.jpeg.webp?itok=NW_5Mc2z 1x\u0022 media=\u0022(min-width: 64.0625em)\u0022 type=\u0022image\/webp\u0022 width=\u0022203\u0022 height=\u0022135\u0022\/\u003E\n                  \u003Csource srcset=\u0022\/sites\/default\/files\/styles\/teaser_standard__m\/public\/aurora\/2025\/12\/503220.jpeg?itok=WPYyr72J 1x\u0022 media=\u0022(min-width: 48.0625em) and (max-width: 64em)\u0022 type=\u0022image\/jpeg\u0022 width=\u0022323\u0022 height=\u0022215\u0022\/\u003E\n                  \u003Csource srcset=\u0022\/sites\/default\/files\/styles\/teaser_standard__l\/public\/aurora\/2025\/12\/503220.jpeg?itok=tWm5QAfG 1x\u0022 media=\u0022(min-width: 64.0625em)\u0022 type=\u0022image\/jpeg\u0022 width=\u0022203\u0022 height=\u0022135\u0022\/\u003E\n                          \u003Cimg loading=\u0022eager\u0022 data-caption-hide width=\u0022597\u0022 height=\u0022398\u0022 data-zoomed=\u0022https:\/\/www.sbz-online.de\/sites\/default\/files\/styles\/content__zoomed\/public\/aurora\/2025\/12\/503220.jpeg?itok=871xW-jD\u0022 src=\u0022\/sites\/default\/files\/styles\/teaser_standard__s\/public\/aurora\/2025\/12\/503220.jpeg?itok=_-8cwN01\u0022 title=\u0022Nahaufnahme eines Rohrbogens aus Metall mit einem wei\u00dfen Kunststoffanschlussst\u00fcck vor einem gestreiften hellen Hintergrund. - \u00a9 Fr\u00e4nkische\u0022 \/\u003E\n\n    \u003C\/picture\u003E\n      \u003Cfigcaption class=\u0022image--figcaption\u0022\u003E\n          \u003Cdiv class=\u0022copyright\u0022\u003EFr\u00e4nkische\u003C\/div\u003E\n          \u003C\/figcaption\u003E\n\u003C\/figure\u003E\n\n\n    \u003C\/div\u003E\n    \u003Cdiv class=\u0022teaser-content\u0022\u003E\n                    \u003Cdiv class=\u0022teaser-content--kicker\u0022\u003E\n                    Abgesteckt\n        \u003C\/div\u003E\n                                              \n                        \n        \u003Ch4 class=\u0022teaser-content--headline\u0022\u003E\n                                Systeme f\u00fcr SHK-Profis: str\u00f6\u00admungs\u00adopti\u00admiert, leicht, \n                              \u003Cspan class=\u0022headline-last-word-arrow\u0022\u003Esen\u00adsor\u00adbasiert                      \u003C\/span\u003E\n        \u003C\/h4\u003E\n            \u003Cdiv class=\u0022teaser-content--publishing-date\u0022\u003E\u003Ctime datetime=\u00222025-12-16T04:00:06Z\u0022\u003E16.12.2025\u003C\/time\u003E\n\u003C\/div\u003E\u003Cspan class=\u0022teaser-content--publishing-date-divider\u0022\u003E - \u003C\/span\u003E\u003Cdiv class=\u0022teaser-content--body\u0022\u003E\u003Cp\u003ESmartphone-W\u00e4rme\u00adbild\u00adka\u00admera, Armaturenserie, Mehr\u00adschicht\u00adver\u00adbund\u00adrohr\u00adsys\u00adtem, frei\u00adste\u00adhende Bade\u00adwanne, Spender mit Cloud-Anbin\u00addung.\u003C\/p\u003E\n\u003C\/div\u003E\n                        \u003Cspan class=\u0022read-more-arrow-container\u0022\u003E\n            \u003Cspan class=\u0022read-more-angled-arrow\u0022\u003E \u003C\/span\u003E\n          \u003C\/span\u003E\n                  \u003C\/div\u003E\n    \u003C\/a\u003E\n\u003Ca href=\u0022\/meldungen\/08012026-10-uhr-online-geberit-praesentiert-neuheiten-online-preview\u0022  class=\u0022teaser teaser--standard\u0022 aria-label=\u0022Geberit pr\u00e4sentiert Neu\u00adhei\u00adten in Online-Preview\u0022\u003E\n      \u003Cdiv class=\u0022teaser-content--image\u0022\u003E\n        \u003Cfigure class=\u0022image--figure\u0022\u003E\n        \u003Cpicture\u003E\n                        \u003Csource srcset=\u0022\/sites\/default\/files\/styles\/teaser_standard__m\/public\/aurora\/2025\/12\/500806.jpeg.webp?itok=P1sfmsdJ 1x\u0022 media=\u0022(min-width: 48.0625em) and (max-width: 64em)\u0022 type=\u0022image\/webp\u0022 width=\u0022323\u0022 height=\u0022215\u0022\/\u003E\n                  \u003Csource srcset=\u0022\/sites\/default\/files\/styles\/teaser_standard__l\/public\/aurora\/2025\/12\/500806.jpeg.webp?itok=nyPmysVv 1x\u0022 media=\u0022(min-width: 64.0625em)\u0022 type=\u0022image\/webp\u0022 width=\u0022203\u0022 height=\u0022135\u0022\/\u003E\n                  \u003Csource srcset=\u0022\/sites\/default\/files\/styles\/teaser_standard__m\/public\/aurora\/2025\/12\/500806.jpeg?itok=EupTS5hR 1x\u0022 media=\u0022(min-width: 48.0625em) and (max-width: 64em)\u0022 type=\u0022image\/jpeg\u0022 width=\u0022323\u0022 height=\u0022215\u0022\/\u003E\n                  \u003Csource srcset=\u0022\/sites\/default\/files\/styles\/teaser_standard__l\/public\/aurora\/2025\/12\/500806.jpeg?itok=5CBMqYXj 1x\u0022 media=\u0022(min-width: 64.0625em)\u0022 type=\u0022image\/jpeg\u0022 width=\u0022203\u0022 height=\u0022135\u0022\/\u003E\n                          \u003Cimg alt=\u0022Geberit hat das Sortiment der Duofix-Familie erweitert: Das bew\u00e4hrte Duofix Installationselement f\u00fcr WC und Waschplatz gibt es jetzt auch f\u00fcr den Duschplatz.\u0022 loading=\u0022eager\u0022 data-caption-hide width=\u0022597\u0022 height=\u0022398\u0022 data-zoomed=\u0022https:\/\/www.sbz-online.de\/sites\/default\/files\/styles\/content__zoomed\/public\/aurora\/2025\/12\/500806.jpeg?itok=XtXDvjaB\u0022 src=\u0022\/sites\/default\/files\/styles\/teaser_standard__s\/public\/aurora\/2025\/12\/500806.jpeg?itok=M_RHzJHl\u0022 title=\u0022\u00a9 Geberit\u0022 \/\u003E\n\n    \u003C\/picture\u003E\n      \u003Cfigcaption class=\u0022image--figcaption\u0022\u003E\n          \u003Cdiv class=\u0022copyright\u0022\u003EGeberit\u003C\/div\u003E\n          \u003C\/figcaption\u003E\n\u003C\/figure\u003E\n\n\n    \u003C\/div\u003E\n    \u003Cdiv class=\u0022teaser-content\u0022\u003E\n                    \u003Cdiv class=\u0022teaser-content--kicker\u0022\u003E\n                    08.01.2026, 10 Uhr, online\n        \u003C\/div\u003E\n                                              \n                        \n        \u003Ch4 class=\u0022teaser-content--headline\u0022\u003E\n                                Geberit pr\u00e4sentiert Neu\u00adhei\u00adten in \n                              \u003Cspan class=\u0022headline-last-word-arrow\u0022\u003EOnline-Preview                      \u003C\/span\u003E\n        \u003C\/h4\u003E\n            \u003Cdiv class=\u0022teaser-content--publishing-date\u0022\u003E\u003Ctime datetime=\u00222025-12-10T09:05:03Z\u0022\u003E10.12.2025\u003C\/time\u003E\n\u003C\/div\u003E\u003Cspan class=\u0022teaser-content--publishing-date-divider\u0022\u003E - \u003C\/span\u003E\u003Cdiv class=\u0022teaser-content--body\u0022\u003E\u003Cp\u003EIn einem ca. 30-min\u00fc\u00adti\u00adgen Live\u00adstream k\u00f6n\u00adnen sich alle Bau\u00adbe\u00adtei\u00adlig\u00adten bereits vor den Fr\u00fch\u00adjahrs\u00admes\u00adsen zu neu\u00aden Geberit-Pro\u00adduk\u00adten infor\u00admieren.\u003C\/p\u003E\n\u003C\/div\u003E\n                        \u003Cspan class=\u0022read-more-arrow-container\u0022\u003E\n            \u003Cspan class=\u0022read-more-angled-arrow\u0022\u003E \u003C\/span\u003E\n          \u003C\/span\u003E\n                  \u003C\/div\u003E\n    \u003C\/a\u003E\n\u003Ca href=\u0022\/meldungen\/referenzprojekt-geberit-serielle-badfertigung-im-pfullendorfer-pflegezentrum\u0022  class=\u0022teaser teaser--standard\u0022 aria-label=\u0022Serielle Badfertigung im Pful\u00adlen\u00addor\u00adfer Pfle\u00adge\u00adzen\u00adtrum\u0022\u003E\n      \u003Cdiv class=\u0022teaser-content--image\u0022\u003E\n        \u003Cfigure class=\u0022image--figure\u0022\u003E\n        \u003Cpicture\u003E\n                        \u003Csource srcset=\u0022\/sites\/default\/files\/styles\/teaser_standard__m\/public\/aurora\/2025\/12\/498857.jpeg.webp?itok=4Vm0ui18 1x\u0022 media=\u0022(min-width: 48.0625em) and (max-width: 64em)\u0022 type=\u0022image\/webp\u0022 width=\u0022323\u0022 height=\u0022215\u0022\/\u003E\n                  \u003Csource srcset=\u0022\/sites\/default\/files\/styles\/teaser_standard__l\/public\/aurora\/2025\/12\/498857.jpeg.webp?itok=Deoo8psM 1x\u0022 media=\u0022(min-width: 64.0625em)\u0022 type=\u0022image\/webp\u0022 width=\u0022203\u0022 height=\u0022135\u0022\/\u003E\n                  \u003Csource srcset=\u0022\/sites\/default\/files\/styles\/teaser_standard__m\/public\/aurora\/2025\/12\/498857.jpeg?itok=qAC7dbqh 1x\u0022 media=\u0022(min-width: 48.0625em) and (max-width: 64em)\u0022 type=\u0022image\/jpeg\u0022 width=\u0022323\u0022 height=\u0022215\u0022\/\u003E\n                  \u003Csource srcset=\u0022\/sites\/default\/files\/styles\/teaser_standard__l\/public\/aurora\/2025\/12\/498857.jpeg?itok=_nh4b3hS 1x\u0022 media=\u0022(min-width: 64.0625em)\u0022 type=\u0022image\/jpeg\u0022 width=\u0022203\u0022 height=\u0022135\u0022\/\u003E\n                          \u003Cimg loading=\u0022eager\u0022 data-caption-hide width=\u0022597\u0022 height=\u0022398\u0022 data-zoomed=\u0022https:\/\/www.sbz-online.de\/sites\/default\/files\/styles\/content__zoomed\/public\/aurora\/2025\/12\/498857.jpeg?itok=d7Del5ik\u0022 src=\u0022\/sites\/default\/files\/styles\/teaser_standard__s\/public\/aurora\/2025\/12\/498857.jpeg?itok=9aMST2EW\u0022 title=\u0022Zwei vorgefertigte Badezimmer in einer Werkstatt, eines davon fertiggestellt, das andere mit freiliegenden Rohrleitungen und Kabeln. - \u00a9 Geberit\u0022 \/\u003E\n\n    \u003C\/picture\u003E\n      \u003Cfigcaption class=\u0022image--figcaption\u0022\u003E\n          \u003Cdiv class=\u0022copyright\u0022\u003EGeberit\u003C\/div\u003E\n          \u003C\/figcaption\u003E\n\u003C\/figure\u003E\n\n\n    \u003C\/div\u003E\n    \u003Cdiv class=\u0022teaser-content\u0022\u003E\n                    \u003Cdiv class=\u0022teaser-content--kicker\u0022\u003E\n                    Referenzprojekt Geberit\n        \u003C\/div\u003E\n                                              \n                        \n        \u003Ch4 class=\u0022teaser-content--headline\u0022\u003E\n                                Serielle Badfertigung im Pful\u00adlen\u00addor\u00adfer \n                              \u003Cspan class=\u0022headline-last-word-arrow\u0022\u003EPfle\u00adge\u00adzen\u00adtrum                      \u003C\/span\u003E\n        \u003C\/h4\u003E\n            \u003Cdiv class=\u0022teaser-content--publishing-date\u0022\u003E\u003Ctime datetime=\u00222025-12-04T04:00:07Z\u0022\u003E04.12.2025\u003C\/time\u003E\n\u003C\/div\u003E\u003Cspan class=\u0022teaser-content--publishing-date-divider\u0022\u003E - \u003C\/span\u003E\u003Cdiv class=\u0022teaser-content--body\u0022\u003E\u003Cp\u003EAngesichts des wachsenden Pflegebedarfs und steigender Baukosten setzt ein Pflegezentrum in Pfullendorf auf serielle Badfertigung mit Systeml\u00f6sungen von Geberit.\u003C\/p\u003E\n\u003C\/div\u003E\n                        \u003Cspan class=\u0022read-more-arrow-container\u0022\u003E\n            \u003Cspan class=\u0022read-more-angled-arrow\u0022\u003E \u003C\/span\u003E\n          \u003C\/span\u003E\n                  \u003C\/div\u003E\n    \u003C\/a\u003E\n\u003Ca href=\u0022\/bad\/so-passt-ein-zusaetzliches-badezimmer-ins-dachgeschoss\u0022  class=\u0022teaser teaser--standard\u0022 aria-label=\u0022So p\ufeffasst ein zus\u00e4tzliches Badezimmer ins Dachgeschoss \u0022\u003E\n      \u003Cdiv class=\u0022teaser-content--image\u0022\u003E\n        \u003Cfigure class=\u0022image--figure\u0022\u003E\n        \u003Cpicture\u003E\n                        \u003Csource srcset=\u0022\/sites\/default\/files\/styles\/teaser_standard__m\/public\/aurora\/2025\/11\/493710.jpeg.webp?itok=jLvCLQLc 1x\u0022 media=\u0022(min-width: 48.0625em) and (max-width: 64em)\u0022 type=\u0022image\/webp\u0022 width=\u0022170\u0022 height=\u0022242\u0022\/\u003E\n                  \u003Csource srcset=\u0022\/sites\/default\/files\/styles\/teaser_standard__l\/public\/aurora\/2025\/11\/493710.jpeg.webp?itok=2ZNj3m7p 1x\u0022 media=\u0022(min-width: 64.0625em)\u0022 type=\u0022image\/webp\u0022 width=\u0022107\u0022 height=\u0022152\u0022\/\u003E\n                  \u003Csource srcset=\u0022\/sites\/default\/files\/styles\/teaser_standard__m\/public\/aurora\/2025\/11\/493710.jpeg?itok=jOmuA1y5 1x\u0022 media=\u0022(min-width: 48.0625em) and (max-width: 64em)\u0022 type=\u0022image\/jpeg\u0022 width=\u0022170\u0022 height=\u0022242\u0022\/\u003E\n                  \u003Csource srcset=\u0022\/sites\/default\/files\/styles\/teaser_standard__l\/public\/aurora\/2025\/11\/493710.jpeg?itok=Qkm6OCD6 1x\u0022 media=\u0022(min-width: 64.0625em)\u0022 type=\u0022image\/jpeg\u0022 width=\u0022107\u0022 height=\u0022152\u0022\/\u003E\n                          \u003Cimg alt=\u0022Die Duschfl\u00e4che ist so weit unter die Schr\u00e4ge geschoben, dass die Kopfh\u00f6he noch ge\u00adgeben ist. Ihre Gr\u00f6\u00dfe von\u00a090 x 90\u00a0cm ist ausreichend f\u00fcr komfortables Duschen.\u0022 loading=\u0022eager\u0022 data-caption-hide width=\u0022280\u0022 height=\u0022398\u0022 data-zoomed=\u0022https:\/\/www.sbz-online.de\/sites\/default\/files\/styles\/content__zoomed\/public\/aurora\/2025\/11\/493710.jpeg?itok=VgASE3hM\u0022 src=\u0022\/sites\/default\/files\/styles\/teaser_standard__s\/public\/aurora\/2025\/11\/493710.jpeg?itok=rWq6ZqZk\u0022 title=\u0022\u00a9 Bild: Birgit Hansen\u0022 \/\u003E\n\n    \u003C\/picture\u003E\n      \u003Cfigcaption class=\u0022image--figcaption\u0022\u003E\n          \u003Cdiv class=\u0022copyright\u0022\u003EBild: Birgit Hansen\u003C\/div\u003E\n          \u003C\/figcaption\u003E\n\u003C\/figure\u003E\n\n\n    \u003C\/div\u003E\n    \u003Cdiv class=\u0022teaser-content\u0022\u003E\n                    \u003Cdiv class=\u0022teaser-content--kicker\u0022\u003E\n                    \n        \u003C\/div\u003E\n                                              \n                        \n        \u003Ch4 class=\u0022teaser-content--headline\u0022\u003E\n                                So p\ufeffasst ein zus\u00e4tzliches Badezimmer ins \n                              \u003Cspan class=\u0022headline-last-word-arrow\u0022\u003EDachgeschoss              \u003Cspan\n                  class=\u0022permission-lock permission-lock-icon--lock\u0022\u003E\u003C\/span\u003E\n                                  \u003C\/span\u003E\n        \u003C\/h4\u003E\n            \u003Cdiv class=\u0022teaser-content--publishing-date\u0022\u003E\u003Ctime datetime=\u00222025-11-19T14:43:36Z\u0022\u003E19.11.2025\u003C\/time\u003E\n\u003C\/div\u003E\u003Cspan class=\u0022teaser-content--publishing-date-divider\u0022\u003E - \u003C\/span\u003E\u003Cdiv class=\u0022teaser-content--body\u0022\u003E\u003Cp\u003EEin Dachgeschoss auszubauen und ein zus\u00e4tzliches Bad zu integrieren, erfordert clevere Planung. Tageslicht, Stauraum unter Schr\u00e4gen und eine effiziente Raumnutzung stehen immer im Fokus. Das Praxisbeispiel von Birgit Hansen zeigt, wie kleine Fl\u00e4chen gestaltet werden k\u00f6nnen.\u003C\/p\u003E\n\u003C\/div\u003E\n                        \u003Cspan class=\u0022read-more-arrow-container\u0022\u003E\n            \u003Cspan class=\u0022read-more-angled-arrow\u0022\u003E \u003C\/span\u003E\n          \u003C\/span\u003E\n                  \u003C\/div\u003E\n    \u003C\/a\u003E\n\u003Ca href=\u0022\/meldungen\/bauwende-vdma-bezahlbares-wohnen-beginnt-im-bad\u0022  class=\u0022teaser teaser--standard\u0022 aria-label=\u0022VDMA: Bezahlbares Wohnen beginnt im Bad\u0022\u003E\n      \u003Cdiv class=\u0022teaser-content--image\u0022\u003E\n        \u003Cfigure class=\u0022image--figure\u0022\u003E\n        \u003Cpicture\u003E\n                        \u003Csource srcset=\u0022\/sites\/default\/files\/styles\/teaser_standard__m\/public\/aurora\/2025\/11\/492931.jpeg.webp?itok=rWJuMfwZ 1x\u0022 media=\u0022(min-width: 48.0625em) and (max-width: 64em)\u0022 type=\u0022image\/webp\u0022 width=\u0022323\u0022 height=\u0022215\u0022\/\u003E\n                  \u003Csource srcset=\u0022\/sites\/default\/files\/styles\/teaser_standard__l\/public\/aurora\/2025\/11\/492931.jpeg.webp?itok=Lb1zh08r 1x\u0022 media=\u0022(min-width: 64.0625em)\u0022 type=\u0022image\/webp\u0022 width=\u0022203\u0022 height=\u0022135\u0022\/\u003E\n                  \u003Csource srcset=\u0022\/sites\/default\/files\/styles\/teaser_standard__m\/public\/aurora\/2025\/11\/492931.jpeg?itok=jjHvF8HF 1x\u0022 media=\u0022(min-width: 48.0625em) and (max-width: 64em)\u0022 type=\u0022image\/jpeg\u0022 width=\u0022323\u0022 height=\u0022215\u0022\/\u003E\n                  \u003Csource srcset=\u0022\/sites\/default\/files\/styles\/teaser_standard__l\/public\/aurora\/2025\/11\/492931.jpeg?itok=0HE7tcSm 1x\u0022 media=\u0022(min-width: 64.0625em)\u0022 type=\u0022image\/jpeg\u0022 width=\u0022203\u0022 height=\u0022135\u0022\/\u003E\n                          \u003Cimg loading=\u0022eager\u0022 data-caption-hide width=\u0022597\u0022 height=\u0022398\u0022 data-zoomed=\u0022https:\/\/www.sbz-online.de\/sites\/default\/files\/styles\/content__zoomed\/public\/aurora\/2025\/11\/492931.jpeg?itok=hhliuIcC\u0022 src=\u0022\/sites\/default\/files\/styles\/teaser_standard__s\/public\/aurora\/2025\/11\/492931.jpeg?itok=4RJ5-FFl\u0022 title=\u0022Eine Hand klebt einen Zettel an den Badezimmerspiegel, auf dem steht: \u0026quot;Vergiss nicht, Wasser zu sparen. - \u00a9 Creativa Images - stock.adobe.com\u0022 \/\u003E\n\n    \u003C\/picture\u003E\n      \u003Cfigcaption class=\u0022image--figcaption\u0022\u003E\n          \u003Cdiv class=\u0022copyright\u0022\u003ECreativa Images - stock.adobe.com\u003C\/div\u003E\n          \u003C\/figcaption\u003E\n\u003C\/figure\u003E\n\n\n    \u003C\/div\u003E\n    \u003Cdiv class=\u0022teaser-content\u0022\u003E\n                    \u003Cdiv class=\u0022teaser-content--kicker\u0022\u003E\n                    Bauwende\n        \u003C\/div\u003E\n                                              \n                        \n        \u003Ch4 class=\u0022teaser-content--headline\u0022\u003E\n                                VDMA: Bezahlbares Wohnen beginnt im \n                              \u003Cspan class=\u0022headline-last-word-arrow\u0022\u003EBad                      \u003C\/span\u003E\n        \u003C\/h4\u003E\n            \u003Cdiv class=\u0022teaser-content--publishing-date\u0022\u003E\u003Ctime datetime=\u00222025-11-14T04:00:08Z\u0022\u003E14.11.2025\u003C\/time\u003E\n\u003C\/div\u003E\u003Cspan class=\u0022teaser-content--publishing-date-divider\u0022\u003E - \u003C\/span\u003E\u003Cdiv class=\u0022teaser-content--body\u0022\u003E\u003Cp\u003EAngesichts aktueller EU-Pl\u00e4ne betont der VDMA das gro\u00dfe Potenzial von mehr Wasser- und Energieeffizienz zur Senkung der Betriebskosten.\u003C\/p\u003E\n\u003C\/div\u003E\n                        \u003Cspan class=\u0022read-more-arrow-container\u0022\u003E\n            \u003Cspan class=\u0022read-more-angled-arrow\u0022\u003E \u003C\/span\u003E\n          \u003C\/span\u003E\n                  \u003C\/div\u003E\n    \u003C\/a\u003E\n","entity_type":"node","used_ids":["",257963,257962,256479,256407,256404,255617,255059,254734,254814,253559,254150,253289,244087,252815,252816,252067,252100,251967,251968,251976,251980,251979,251978,251977,251975,251631,251505,251221,250439,249951],"show_more":""}]